{"id":25967,"date":"2024-05-07T10:51:07","date_gmt":"2024-05-07T08:51:07","guid":{"rendered":"https:\/\/www.psib-psoe.org\/menorca\/esmercadalifornells\/plantegem-millorar-l-accesibilitat-de-la-escala-de-baixamar-i-la-installacio-d-un-ascensor-com-projecte-pic-2024\/"},"modified":"2024-05-07T10:51:07","modified_gmt":"2024-05-07T08:51:07","slug":"plantegem-millorar-l-accesibilitat-de-la-escala-de-baixamar-i-la-installacio-d-un-ascensor-com-projecte-pic-2024","status":"publish","type":"post","link":"https:\/\/www.psib-psoe.org\/menorca\/esmercadalifornells\/plantegem-millorar-l-accesibilitat-de-la-escala-de-baixamar-i-la-installacio-d-un-ascensor-com-projecte-pic-2024\/","title":{"rendered":"Plantegem millorar l\u2019 accesibilitat de la escala de baixamar i la instal\u00b7laci\u00f3 d\u2019 un ascensor com projecte PIC 2024"},"content":{"rendered":"<p>Els partits progressistes de Ciutadella, PSOE, PSM M\u00e9s per Menorca i Ciutadella Endavant, han acordat proposar fins a sis projectes, a desenvolupar dins el Pla Insular de Cooperaci\u00f3 (PIC) de 2024. Una de les actuacions m\u00e9s rellevants \u00e9s l&#8217;adequaci\u00f3 de l&#8217;escala de Baixamar, per millorar-ne l&#8217;accessibilitat, amb el plantejament tamb\u00e9 de la instal\u00b7laci\u00f3 d&#8217;un ascensor que faciliti la connexi\u00f3 entre el port i el centre de la ciutat.A m\u00e9s, per Ciutadella, i dins l\u2019apartat d\u2019Agenda Urbana, els tres partits, han coincidit tamb\u00e9 en la necessitat de projectar un nou parc infantil totalment inclusiu a la Pla\u00e7a dels Pins, i per tant \u00e9s una altra de les actuacions destacades que han suggerit per dur a terme a costa del finan\u00e7ament PIC. Tamb\u00e9 plantegen la possibilitat de millorar els accessos al Canal Salat.Per acabar, quant als projectes vinculats a l\u2019\u00e0mbit tur\u00edstic, PSOE, PSM M\u00e9s per Menorca i Ciutadella Endavant donen suport a la proposta de les actuacions per al clavegueram a Serpentona, i han recollit tamb\u00e9 la nova connexi\u00f3 de pluvials i la millora en el clavegueram i l\u2019aigua potable de Dalt sa Quintana cap al Port de Ciutadella.Els tres partits han traslladat aquesta relaci\u00f3 de prioritats a l&#8217;equip de govern del Partit Popular perqu\u00e8 l&#8217;Ajuntament les tramiti un cop es publiqui la convocat\u00f2ria d&#8217;ajudes del Pla Insular de Cooperaci\u00f3 per a 2024.  <\/p>\n<p>Source: Municipi Ciutadella<\/p>\n","protected":false},"excerpt":{"rendered":"<p>Els partits progressistes de Ciutadella, PSOE, PSM M\u00e9s per Menorca i Ciutadella Endavant, han acordat proposar fins a sis projectes, a desenvolupar dins el Pla Insular de Cooperaci\u00f3 (PIC) de 2024. Una de les actuacions m\u00e9s rellevants \u00e9s l&#8217;adequaci\u00f3 de l&#8217;escala de Baixamar, per millorar-ne l&#8217;accessibilitat, amb el plantejament tamb\u00e9 de la instal\u00b7laci\u00f3 d&#8217;un ascensor&hellip;<\/p>\n","protected":false},"author":1,"featured_media":0,"comment_status":"false","ping_status":"open","sticky":false,"template":"","format":"standard","meta":{"footnotes":""},"categories":[99],"tags":[84],"class_list":["post-25967","post","type-post","status-publish","format-standard","hentry","category-ciutadella","tag-psib-psoe"],"_links":{"self":[{"href":"https:\/\/www.psib-psoe.org\/menorca\/esmercadalifornells\/wp-json\/wp\/v2\/posts\/25967"}],"collection":[{"href":"https:\/\/www.psib-psoe.org\/menorca\/esmercadalifornells\/wp-json\/wp\/v2\/posts"}],"about":[{"href":"https:\/\/www.psib-psoe.org\/menorca\/esmercadalifornells\/wp-json\/wp\/v2\/types\/post"}],"author":[{"embeddable":true,"href":"https:\/\/www.psib-psoe.org\/menorca\/esmercadalifornells\/wp-json\/wp\/v2\/users\/1"}],"replies":[{"embeddable":true,"href":"https:\/\/www.psib-psoe.org\/menorca\/esmercadalifornells\/wp-json\/wp\/v2\/comments?post=25967"}],"version-history":[{"count":0,"href":"https:\/\/www.psib-psoe.org\/menorca\/esmercadalifornells\/wp-json\/wp\/v2\/posts\/25967\/revisions"}],"wp:attachment":[{"href":"https:\/\/www.psib-psoe.org\/menorca\/esmercadalifornells\/wp-json\/wp\/v2\/media?parent=25967"}],"wp:term":[{"taxonomy":"category","embeddable":true,"href":"https:\/\/www.psib-psoe.org\/menorca\/esmercadalifornells\/wp-json\/wp\/v2\/categories?post=25967"},{"taxonomy":"post_tag","embeddable":true,"href":"https:\/\/www.psib-psoe.org\/menorca\/esmercadalifornells\/wp-json\/wp\/v2\/tags?post=25967"}],"curies":[{"name":"wp","href":"https:\/\/api.w.org\/{rel}","templated":true}]}}