{"id":25347,"date":"2021-03-18T22:23:55","date_gmt":"2021-03-18T20:23:55","guid":{"rendered":"https:\/\/www.psib-psoe.org\/menorca\/ferreries\/en-defensa-del-centre-de-gravat-dalaior-video\/"},"modified":"2021-03-18T22:23:55","modified_gmt":"2021-03-18T20:23:55","slug":"en-defensa-del-centre-de-gravat-dalaior-video","status":"publish","type":"post","link":"https:\/\/www.psib-psoe.org\/menorca\/ferreries\/en-defensa-del-centre-de-gravat-dalaior-video\/","title":{"rendered":"En defensa del Centre de Gravat d\u2019Alaior (v\u00eddeo)"},"content":{"rendered":"<p>\u00c9s una greu equivocaci\u00f3 del PP desmantellar el Centre de Gravat. Un projecte nascut a Alaior i que havia donat prestigi a la nostra poblaci\u00f3 els deu darrers anys.<\/p>\n<p><a href=\"https:\/\/www.facebook.com\/hashtag\/moltafotopocafeina?__eep__=6&amp;__cft__[0]=AZUnjlY-8b0-C7IIy7adjrmOGFmFVdOU6fJNtcLyKrSixLYcbZgl6Dd-NEHcn1BT1XYWqbZJT4at6SBOhU7aOww1gd7rVrB8v4q2IMqlitfN4HyxvQY3Jz_ysr3NQlNxe52lANbQvP17cmkTi-Qpn39W0xaTv7hxyukUL8GTLUX-jwBw-Pf2ELeVPnGSHd2vBnA&amp;__tn__=*NK-R\">#MoltaFotoPocaFeina<\/a><\/p>\n<p><a href=\"https:\/\/fb.watch\/4js0MXmsQk\/\">https:\/\/fb.watch\/4js0MXmsQk\/<\/a><\/p>\n<\/p>\n<p>Source: Alaior<\/p>\n","protected":false},"excerpt":{"rendered":"<p>\u00c9s una greu equivocaci\u00f3 del PP desmantellar el Centre de Gravat. Un projecte nascut a Alaior i que havia donat prestigi a la nostra poblaci\u00f3 els deu darrers anys. #MoltaFotoPocaFeina https:\/\/fb.watch\/4js0MXmsQk\/ Source: Alaior<\/p>\n","protected":false},"author":1,"featured_media":0,"comment_status":"false","ping_status":"open","sticky":false,"template":"","format":"standard","meta":{"footnotes":""},"categories":[98],"tags":[84],"class_list":["post-25347","post","type-post","status-publish","format-standard","hentry","category-alaior","tag-psib-psoe"],"_links":{"self":[{"href":"https:\/\/www.psib-psoe.org\/menorca\/ferreries\/wp-json\/wp\/v2\/posts\/25347"}],"collection":[{"href":"https:\/\/www.psib-psoe.org\/menorca\/ferreries\/wp-json\/wp\/v2\/posts"}],"about":[{"href":"https:\/\/www.psib-psoe.org\/menorca\/ferreries\/wp-json\/wp\/v2\/types\/post"}],"author":[{"embeddable":true,"href":"https:\/\/www.psib-psoe.org\/menorca\/ferreries\/wp-json\/wp\/v2\/users\/1"}],"replies":[{"embeddable":true,"href":"https:\/\/www.psib-psoe.org\/menorca\/ferreries\/wp-json\/wp\/v2\/comments?post=25347"}],"version-history":[{"count":0,"href":"https:\/\/www.psib-psoe.org\/menorca\/ferreries\/wp-json\/wp\/v2\/posts\/25347\/revisions"}],"wp:attachment":[{"href":"https:\/\/www.psib-psoe.org\/menorca\/ferreries\/wp-json\/wp\/v2\/media?parent=25347"}],"wp:term":[{"taxonomy":"category","embeddable":true,"href":"https:\/\/www.psib-psoe.org\/menorca\/ferreries\/wp-json\/wp\/v2\/categories?post=25347"},{"taxonomy":"post_tag","embeddable":true,"href":"https:\/\/www.psib-psoe.org\/menorca\/ferreries\/wp-json\/wp\/v2\/tags?post=25347"}],"curies":[{"name":"wp","href":"https:\/\/api.w.org\/{rel}","templated":true}]}}