{"id":25385,"date":"2021-05-20T13:30:06","date_gmt":"2021-05-20T11:30:06","guid":{"rendered":"https:\/\/www.psib-psoe.org\/menorca\/ferreries\/a-la-comunitat-educativa-dalaior\/"},"modified":"2021-05-20T13:30:06","modified_gmt":"2021-05-20T11:30:06","slug":"a-la-comunitat-educativa-dalaior","status":"publish","type":"post","link":"https:\/\/www.psib-psoe.org\/menorca\/ferreries\/a-la-comunitat-educativa-dalaior\/","title":{"rendered":"A LA COMUNITAT EDUCATIVA D\u2019ALAIOR"},"content":{"rendered":"<p> El motiu del present escrit \u00e9s fer un reconeixement p\u00fablic a la feina de tots els membres de la comunitat educativa  del nostre municipi per l\u2019esfor\u00e7 fet per al bon desenvolupament del curs escolar 2020-2021. Heu convertit les dificultats i els reptes en oportunitats i viv\u00e8ncies per als alumnes de totes les edats.  I els alumnes han tingut un comportament exemplar.<\/p>\n<p>L\u2019esclat de la pand\u00e8mia va afectar enormement el tram final de l\u2019anterior curs escolar. Els centres educatius, el professorat, les fam\u00edlies i tot l\u2019alumnat van haver d\u2019adaptar-se a una situaci\u00f3 sobrevinguda que afectava directament l\u2019organitzaci\u00f3 escolar i familiar. En aquell moment, ja es va fer un gran sacrifici a tots els nivells per concloure el curs escolar de la millor manera possible, i aix\u00ed es va fer.<\/p>\n<p>A continuaci\u00f3, el repte fou preparar el nou curs, l\u2019actual, sense tenir la certesa de com seria la realitat d\u2019una pand\u00e8mia canviant i quan encara no es sabia quan es podrien administrar les primeres vacunes.<\/p>\n<p>La feina dels diferents grups de treballs, organitzats per la Conselleria d\u2019Educaci\u00f3, va permetre preparar durant l\u2019estiu com havia de ser el nou curs escolars. Nous protocols, noves mesures organitzatives, augment de la inversi\u00f3 en seguretat i salut, preveure les substitucions per malaltia, etc.Ara que ja ens trobam al darrer trimestre, podem fer una valoraci\u00f3 positiva de l\u2019esfor\u00e7 conjunt de la comunitat educativa de tots els centres de la nostra poblaci\u00f3. <\/p>\n<p>Hi ha hagut moments dif\u00edcils, alguns brots importants, per\u00f2 el balan\u00e7 ha de ser de reconeixement a la feinada feta, en tots els sentits,  a l\u2019Escola Infantil Es Pouet, al CEIP Dr Comas, al CEIP Mestre Duran, al CE La Salle, a l\u2019IES Josep Miquel Gu\u00e0rdia, a l\u2019Escola de Persones Adultes, a la UIB a Can Salort, a l\u2019Escola de M\u00fasica i a la resta d\u2019activitats educatives complement\u00e0ries<\/p>\n<p>Junts en sortirem vam dir des d\u2019un primer moment. I aix\u00ed \u00e9s. Pares i mares, alumnes de totes les edats, professors i professores, families, equips directius I personal de serveis I manteniment, tothom ha aportat de la seva part perqu\u00e8 l\u2019educaci\u00f3 al nostre municipi hagi viscut dins una certa normalitat dins els desastres provocats per la pand\u00e8mia. De fet, Menorca, I el conjunt de les Illes Balears, han mantingut un nivell de contagis baixos durant tot el curs escolar.<\/p>\n<p>Per tot a\u00e7\u00f2, des de l\u2019agrupaci\u00f3 local del PSOE us volem recon\u00e8ixer el vostre comprom\u00eds, els sacrificis que heu fet,  i la professionalitat de tota la comunitat educativa a favor de l\u2019educaci\u00f3 dels nostres infants i joves.<\/p>\n<p> Moltes gr\u00e0cies a tots i totes, la inversi\u00f3 i la innovaci\u00f3 en educaci\u00f3 \u00e9s la millor garantia de futur.<\/p>\n<p>Agrupaci\u00f3 localPSOE Alaior <\/p>\n<figure class=\"wp-block-image\"><img decoding=\"async\" src=\"https:\/\/scontent.fpmi1-1.fna.fbcdn.net\/v\/t1.6435-9\/188608354_1739972266210875_4254100103292817346_n.png?_nc_cat=100&amp;ccb=1-3&amp;_nc_sid=730e14&amp;_nc_ohc=cy18whFHMjQAX_vgBkS&amp;_nc_ht=scontent.fpmi1-1.fna&amp;oh=42d061cb64fb8b34114892cc7e9eb85d&amp;oe=60CAC5B4\" alt=\"May be an image of Interior\" \/><\/figure>\n<p>Source: Alaior<\/p>\n","protected":false},"excerpt":{"rendered":"<p>El motiu del present escrit \u00e9s fer un reconeixement p\u00fablic a la feina de tots els membres de la comunitat educativa del nostre municipi per l\u2019esfor\u00e7 fet per al bon desenvolupament del curs escolar 2020-2021. Heu convertit les dificultats i els reptes en oportunitats i viv\u00e8ncies per als alumnes de totes les edats. I els&hellip;<\/p>\n","protected":false},"author":1,"featured_media":0,"comment_status":"false","ping_status":"open","sticky":false,"template":"","format":"standard","meta":{"footnotes":""},"categories":[98],"tags":[84],"class_list":["post-25385","post","type-post","status-publish","format-standard","hentry","category-alaior","tag-psib-psoe"],"_links":{"self":[{"href":"https:\/\/www.psib-psoe.org\/menorca\/ferreries\/wp-json\/wp\/v2\/posts\/25385"}],"collection":[{"href":"https:\/\/www.psib-psoe.org\/menorca\/ferreries\/wp-json\/wp\/v2\/posts"}],"about":[{"href":"https:\/\/www.psib-psoe.org\/menorca\/ferreries\/wp-json\/wp\/v2\/types\/post"}],"author":[{"embeddable":true,"href":"https:\/\/www.psib-psoe.org\/menorca\/ferreries\/wp-json\/wp\/v2\/users\/1"}],"replies":[{"embeddable":true,"href":"https:\/\/www.psib-psoe.org\/menorca\/ferreries\/wp-json\/wp\/v2\/comments?post=25385"}],"version-history":[{"count":0,"href":"https:\/\/www.psib-psoe.org\/menorca\/ferreries\/wp-json\/wp\/v2\/posts\/25385\/revisions"}],"wp:attachment":[{"href":"https:\/\/www.psib-psoe.org\/menorca\/ferreries\/wp-json\/wp\/v2\/media?parent=25385"}],"wp:term":[{"taxonomy":"category","embeddable":true,"href":"https:\/\/www.psib-psoe.org\/menorca\/ferreries\/wp-json\/wp\/v2\/categories?post=25385"},{"taxonomy":"post_tag","embeddable":true,"href":"https:\/\/www.psib-psoe.org\/menorca\/ferreries\/wp-json\/wp\/v2\/tags?post=25385"}],"curies":[{"name":"wp","href":"https:\/\/api.w.org\/{rel}","templated":true}]}}