{"id":25404,"date":"2021-04-06T08:39:41","date_gmt":"2021-04-06T06:39:41","guid":{"rendered":"https:\/\/www.psib-psoe.org\/menorca\/migjorn\/descontrol-urbanistic-a-laior\/"},"modified":"2021-04-06T08:39:41","modified_gmt":"2021-04-06T06:39:41","slug":"descontrol-urbanistic-a-laior","status":"publish","type":"post","link":"https:\/\/www.psib-psoe.org\/menorca\/migjorn\/descontrol-urbanistic-a-laior\/","title":{"rendered":"DESCONTROL URBAN\u00cdSTIC A LAIOR"},"content":{"rendered":"<p>Primer de tot, van fer fora l\u2019inspector municipal d\u2019obres.Seguidament, van perdre l\u2019informe, que havia entrat per registre municipal, que possibilitava la defensa jur\u00eddica i l\u2019aprovaci\u00f3 definitiva del Pla General del 2009.<\/p>\n<p>A continuaci\u00f3, no \u00e9s estrany que els ciutadans i ciutadanes d\u2019Alaior es queixin dels mesos d\u2019espera per tramitar una llic\u00e8ncia, mentre l\u2019ex-alcaldessa i m\u00e0xima responsable del PP insular, va obtenir una llic\u00e8ncia expr\u00e9s per al seu xalet en nom\u00e9s tres dies i, curiosament, just abans que s\u2019anul\u00b7l\u00e9s el Pla General.<\/p>\n<p>A dia d\u2019avui, duim m\u00e9s de set anys, 84 mesos, tramitant un nou Pla General que encara no t\u00e9 ni l\u2019aprovaci\u00f3 inicial feta. I deien que era urgent !!!.<\/p>\n<p>Mentrestant, en el s\u00f2l r\u00fastec es produeixen infraccions constants i modificacions de projectes que no compleixen la normativa a Torralbenc i, recentment, a Torre Vella, per la manca de vigil\u00e0ncia i responsabilitat municipal. <\/p>\n<p>El Consorci insular informa i avisa, per\u00f2 l\u2019equip de govern no actua i mira cap a un altra banda.I encara n\u2019hi ha m\u00e9s d\u2019expedients urban\u00edstics tramitats irregularment i que properament us explicarem.<\/p>\n<p>Aquest \u00e9s el model de desgavell urban\u00edstic que practica el PP, un desastre per Alaior i un mal exemple en el conjunt de Menorca.<\/p>\n<p><a href=\"https:\/\/www.facebook.com\/hashtag\/massafotospocagesti%C3%B3?__eep__=6&amp;__cft__[0]=AZWWedk3KHGdAOXxOvyI4m0kBHQeSuz6GjXTteLaXMti2iKYN4xgpom0t0GE9x9hHWfyzR1xAQA_vptKnadrwL80_NMTmB6mb53cx2494CdTHm2bhdMvF-d5FirYlT-0XcQRszcaOgVex0osXoJMgQPv8ie6PWTBGUAfuhP64QTB1Hrc_gMlUPs1jqevAgFjeLc&amp;__tn__=*NK-R\">#MassaFotosPocaGesti\u00f3<\/a><\/p>\n<figure class=\"wp-block-image\"><img decoding=\"async\" src=\"https:\/\/www.psib-psoe.org\/menorca\/migjorn\/wp-content\/uploads\/167135772_1701551250052977_414946595973403653_n.jpg\" alt=\"May be an image of text que diu 'TEMADELD&#xCD;A DEMAR2O2001 LOCAL ELSEVEL CASOE TEMA E D&#xCD;A Obras sin control: &#xBF;Por qu&#xE9; no se inspeccionaron? Cuatro VPO en Ma&#xF3; con sue simb&#xF3;lica primera Medio Ambiente advierte que Torre Vella ya no puede legalizar las obras sin licencia t Defiende comisi&#xF3;n mprescindiblesu'\" \/><\/figure>\n<p>&#013;<br \/>\nSource: Municipi Alaior<\/p>\n","protected":false},"excerpt":{"rendered":"<p>Primer de tot, van fer fora l\u2019inspector municipal d\u2019obres.Seguidament, van perdre l\u2019informe, que havia entrat per registre municipal, que possibilitava la defensa jur\u00eddica i l\u2019aprovaci\u00f3 definitiva del Pla General del 2009. A continuaci\u00f3, no \u00e9s estrany que els ciutadans i ciutadanes d\u2019Alaior es queixin dels mesos d\u2019espera per tramitar una llic\u00e8ncia, mentre l\u2019ex-alcaldessa i m\u00e0xima&hellip;<\/p>\n","protected":false},"author":7,"featured_media":0,"comment_status":"false","ping_status":"open","sticky":false,"template":"","format":"standard","meta":{"footnotes":""},"categories":[103],"tags":[84],"class_list":["post-25404","post","type-post","status-publish","format-standard","hentry","category-alaior","tag-psib-psoe"],"_links":{"self":[{"href":"https:\/\/www.psib-psoe.org\/menorca\/migjorn\/wp-json\/wp\/v2\/posts\/25404"}],"collection":[{"href":"https:\/\/www.psib-psoe.org\/menorca\/migjorn\/wp-json\/wp\/v2\/posts"}],"about":[{"href":"https:\/\/www.psib-psoe.org\/menorca\/migjorn\/wp-json\/wp\/v2\/types\/post"}],"author":[{"embeddable":true,"href":"https:\/\/www.psib-psoe.org\/menorca\/migjorn\/wp-json\/wp\/v2\/users\/7"}],"replies":[{"embeddable":true,"href":"https:\/\/www.psib-psoe.org\/menorca\/migjorn\/wp-json\/wp\/v2\/comments?post=25404"}],"version-history":[{"count":0,"href":"https:\/\/www.psib-psoe.org\/menorca\/migjorn\/wp-json\/wp\/v2\/posts\/25404\/revisions"}],"wp:attachment":[{"href":"https:\/\/www.psib-psoe.org\/menorca\/migjorn\/wp-json\/wp\/v2\/media?parent=25404"}],"wp:term":[{"taxonomy":"category","embeddable":true,"href":"https:\/\/www.psib-psoe.org\/menorca\/migjorn\/wp-json\/wp\/v2\/categories?post=25404"},{"taxonomy":"post_tag","embeddable":true,"href":"https:\/\/www.psib-psoe.org\/menorca\/migjorn\/wp-json\/wp\/v2\/tags?post=25404"}],"curies":[{"name":"wp","href":"https:\/\/api.w.org\/{rel}","templated":true}]}}