{"id":25406,"date":"2021-04-06T08:37:39","date_gmt":"2021-04-06T06:37:39","guid":{"rendered":"https:\/\/www.psib-psoe.org\/menorca\/migjorn\/laura-ruiz-directora-insular-de-promocio-turistica-i-fons-europeus\/"},"modified":"2021-04-06T08:37:39","modified_gmt":"2021-04-06T06:37:39","slug":"laura-ruiz-directora-insular-de-promocio-turistica-i-fons-europeus","status":"publish","type":"post","link":"https:\/\/www.psib-psoe.org\/menorca\/migjorn\/laura-ruiz-directora-insular-de-promocio-turistica-i-fons-europeus\/","title":{"rendered":"Laura Ruiz, Directora Insular de Promoci\u00f3 Tur\u00edstica i Fons Europeus"},"content":{"rendered":"<p>Avui s\u2019ha publicat oficialment el nomenament de l\u2019alaiorenca Laura Ruiz Mercadal com a Directora Insular de Promoci\u00f3 Tur\u00edstica i Fons Europeus del Consell de Menorca.<\/p>\n<p>Molta for\u00e7a i bona feina !!! <\/p>\n<figure class=\"wp-block-image\"><img decoding=\"async\" src=\"https:\/\/www.psib-psoe.org\/menorca\/migjorn\/wp-content\/uploads\/165984071_1698589520349150_4681379075615919707_n.jpg\" alt=\"May be an image of 1 persona\" \/><\/figure>\n<p>&#013;<br \/>\nSource: Municipi Alaior<\/p>\n","protected":false},"excerpt":{"rendered":"<p>Avui s\u2019ha publicat oficialment el nomenament de l\u2019alaiorenca Laura Ruiz Mercadal com a Directora Insular de Promoci\u00f3 Tur\u00edstica i Fons Europeus del Consell de Menorca. Molta for\u00e7a i bona feina !!! &#013; Source: Municipi Alaior<\/p>\n","protected":false},"author":7,"featured_media":0,"comment_status":"false","ping_status":"open","sticky":false,"template":"","format":"standard","meta":{"footnotes":""},"categories":[103],"tags":[84],"class_list":["post-25406","post","type-post","status-publish","format-standard","hentry","category-alaior","tag-psib-psoe"],"_links":{"self":[{"href":"https:\/\/www.psib-psoe.org\/menorca\/migjorn\/wp-json\/wp\/v2\/posts\/25406"}],"collection":[{"href":"https:\/\/www.psib-psoe.org\/menorca\/migjorn\/wp-json\/wp\/v2\/posts"}],"about":[{"href":"https:\/\/www.psib-psoe.org\/menorca\/migjorn\/wp-json\/wp\/v2\/types\/post"}],"author":[{"embeddable":true,"href":"https:\/\/www.psib-psoe.org\/menorca\/migjorn\/wp-json\/wp\/v2\/users\/7"}],"replies":[{"embeddable":true,"href":"https:\/\/www.psib-psoe.org\/menorca\/migjorn\/wp-json\/wp\/v2\/comments?post=25406"}],"version-history":[{"count":0,"href":"https:\/\/www.psib-psoe.org\/menorca\/migjorn\/wp-json\/wp\/v2\/posts\/25406\/revisions"}],"wp:attachment":[{"href":"https:\/\/www.psib-psoe.org\/menorca\/migjorn\/wp-json\/wp\/v2\/media?parent=25406"}],"wp:term":[{"taxonomy":"category","embeddable":true,"href":"https:\/\/www.psib-psoe.org\/menorca\/migjorn\/wp-json\/wp\/v2\/categories?post=25406"},{"taxonomy":"post_tag","embeddable":true,"href":"https:\/\/www.psib-psoe.org\/menorca\/migjorn\/wp-json\/wp\/v2\/tags?post=25406"}],"curies":[{"name":"wp","href":"https:\/\/api.w.org\/{rel}","templated":true}]}}