{"id":25549,"date":"2021-09-20T13:49:01","date_gmt":"2021-09-20T11:49:01","guid":{"rendered":"https:\/\/www.psib-psoe.org\/menorca\/migjorn\/pp-dalaior-prioritats-desenfocades-junts-per-lo\/"},"modified":"2021-09-20T13:49:01","modified_gmt":"2021-09-20T11:49:01","slug":"pp-dalaior-prioritats-desenfocades-junts-per-lo","status":"publish","type":"post","link":"https:\/\/www.psib-psoe.org\/menorca\/migjorn\/pp-dalaior-prioritats-desenfocades-junts-per-lo\/","title":{"rendered":"PP D\u2019ALAIOR, PRIORITATS DESENFOCADES (Junts per L\u00f4)"},"content":{"rendered":"<p>L\u2019equip de govern del PP d\u2019Alaior projecte sobre la pol\u00edtica municipal el seu desenfocament de prioritats per al municipi. Un exemple concret el tenim en la tan enunciada piscina municipal, que, malgrat tenir informes i documentaci\u00f3 que aboca a desistir del projecte, s\u2019ha iniciat, i sense seguir el procediment administratiu que correspon. <\/p>\n<p>Despr\u00e9s d\u2019anys de parlar-ne des de diferents corporacions i no veure\u2019n la viabilitat, els equips del PP liderats per  M. Sugra\u00f1es i J.L. Benejam van encomanar un informe de viabilitat econ\u00f2mica. Un informe encarregat a fora, que posa de manifest el desconeixement del context insular, i que planteja uns nombres dif\u00edcilment assolibles comptant amb la poblaci\u00f3 actual i les tarifes que es proposen. <\/p>\n<p>Ens haur\u00edem de demanar per a quanta gent es fa aquest equipament municipal. A aix\u00f2 hi hem d\u2019afegir que aquests tipus d\u2019equipaments s\u2019estudien a nivell insular per no produir solapaments ni inefici\u00e8ncies en un territori tan petit com el nostre. Cap document insular preveu fer una piscina a Alaior (pel que dif\u00edcilment es podran percebre doblers del Consell per al projecte\u2026), cosa que no lleva que es respecti l\u2019autonomia local en aquests tipus de decisions. <\/p>\n<p>De fet, l\u2019equip del PP ja ha tirat pel dret i estan fent els pl\u00e0nols. Han fet, per\u00f2, un estudi seri\u00f3s de mercat i una prospecci\u00f3 de la gent del poble realment interessada i que ho podr\u00e0 i voldr\u00e0 pagar? Qui gestionar\u00e0 aquesta infraestructura? Ens gastarem 3 milions d\u2019euros per despr\u00e9s externalitzar la gesti\u00f3 i que un ens privat ho exploti? I malgrat tot, l\u2019estudi de viabilitat que cit\u00e0vem a l\u2019inici diu que perqu\u00e8 existeixi alguna probabilitat d\u2019\u00e8xit en el sosteniment de la instal.laci\u00f3 ha de ser ajuntant la sala de fitness i d\u2019activitats dirigides. Resulta per\u00f2 que aquesta sala s\u2019ha privatitzat i donat en explotaci\u00f3 a una empresa per als propers cinc anys\u2026 <\/p>\n<p>On \u00e9s la l\u00f2gica de tot aix\u00f2? Amb tot, i com que el poble est\u00e0 sense pla general que pugui donar resposta a aquesta iniciativa, eliminen un equipament per posar-ne un altre: el camp de futbol 7, el qual compleix una funci\u00f3 que va molt m\u00e9s enll\u00e0 de la purament esportiva i entra dins la funci\u00f3 social. I la sortida que ofereixen a tots els usuaris, incl\u00f2s el club de futbol, que empra cont\u00ednuament el camp de devora ses escoles per manca d\u2019espais suficients a les seves instal.lacions, \u00e9s el camp de futbol de Cala en Porter! <\/p>\n<p>Clar, amb un pla general que no est\u00e0 ni aprovat inicialment i que pot tardar anys en desenvolupar-se, inclosa la flamant ciutat esportiva enunciada al programa electoral del PP, poques solucions hi ha per al futbol base, l\u2019atletisme, els equips d\u2019adults que fan tornejos, els joves i fillets que hi juguen a tota hora, etc.<\/p>\n<p>De ver no hi ha altres prioritats molt m\u00e9s urgents? L\u2019atenci\u00f3 de la gent gran? Un espai cultural en condicions? El deure (inexcusable!) d\u2019oferir sol per a habitatge social? Aquesta \u00e9s la planificaci\u00f3 de poble que el PP d\u2019Alaior porta a terme. Qu\u00e8 prima, el que m\u00e9s conv\u00e9 a la majoria de ciutadans i ciutadanes o les il.lusions electoralistes d\u2019uns pocs que cerquen perpetuar-se al lloc que els dona de menjar?<\/p>\n<figure class=\"wp-block-image\"><img decoding=\"async\" src=\"https:\/\/www.psib-psoe.org\/menorca\/migjorn\/wp-content\/uploads\/242038594_2950189098581170_83083980121180326_n.jpg\" alt=\"May be an image of gespa\" \/><\/figure>\n<p \/>\n<p>Source: Municipi Alaoir<\/p>\n<p>&#013;<br \/>\nSource: Municipis Ciutadella<\/p>\n","protected":false},"excerpt":{"rendered":"<p>L\u2019equip de govern del PP d\u2019Alaior projecte sobre la pol\u00edtica municipal el seu desenfocament de prioritats per al municipi. Un exemple concret el tenim en la tan enunciada piscina municipal, que, malgrat tenir informes i documentaci\u00f3 que aboca a desistir del projecte, s\u2019ha iniciat, i sense seguir el procediment administratiu que correspon. Despr\u00e9s d\u2019anys de&hellip;<\/p>\n","protected":false},"author":1,"featured_media":0,"comment_status":"false","ping_status":"open","sticky":false,"template":"","format":"standard","meta":{"footnotes":""},"categories":[90],"tags":[84],"class_list":["post-25549","post","type-post","status-publish","format-standard","hentry","category-municipis","tag-psib-psoe"],"_links":{"self":[{"href":"https:\/\/www.psib-psoe.org\/menorca\/migjorn\/wp-json\/wp\/v2\/posts\/25549"}],"collection":[{"href":"https:\/\/www.psib-psoe.org\/menorca\/migjorn\/wp-json\/wp\/v2\/posts"}],"about":[{"href":"https:\/\/www.psib-psoe.org\/menorca\/migjorn\/wp-json\/wp\/v2\/types\/post"}],"author":[{"embeddable":true,"href":"https:\/\/www.psib-psoe.org\/menorca\/migjorn\/wp-json\/wp\/v2\/users\/1"}],"replies":[{"embeddable":true,"href":"https:\/\/www.psib-psoe.org\/menorca\/migjorn\/wp-json\/wp\/v2\/comments?post=25549"}],"version-history":[{"count":0,"href":"https:\/\/www.psib-psoe.org\/menorca\/migjorn\/wp-json\/wp\/v2\/posts\/25549\/revisions"}],"wp:attachment":[{"href":"https:\/\/www.psib-psoe.org\/menorca\/migjorn\/wp-json\/wp\/v2\/media?parent=25549"}],"wp:term":[{"taxonomy":"category","embeddable":true,"href":"https:\/\/www.psib-psoe.org\/menorca\/migjorn\/wp-json\/wp\/v2\/categories?post=25549"},{"taxonomy":"post_tag","embeddable":true,"href":"https:\/\/www.psib-psoe.org\/menorca\/migjorn\/wp-json\/wp\/v2\/tags?post=25549"}],"curies":[{"name":"wp","href":"https:\/\/api.w.org\/{rel}","templated":true}]}}