{"id":25626,"date":"2022-02-10T11:00:57","date_gmt":"2022-02-10T09:00:57","guid":{"rendered":"https:\/\/www.psib-psoe.org\/menorca\/migjorn\/antoni-pera-reelegit-secretari-general-de-lagrupacio\/"},"modified":"2022-02-10T11:00:57","modified_gmt":"2022-02-10T09:00:57","slug":"antoni-pera-reelegit-secretari-general-de-lagrupacio","status":"publish","type":"post","link":"https:\/\/www.psib-psoe.org\/menorca\/migjorn\/antoni-pera-reelegit-secretari-general-de-lagrupacio\/","title":{"rendered":"Antoni Pera, reelegit secretari general de l\u2019Agrupaci\u00f3"},"content":{"rendered":"<div class=\"row wpb_row row-fluid img_noticia\">\n<div class=\"wpb_column columns small-12 medium-12 thb-dark-column\">\n<div class=\"vc_column-inner  \">\n<div class=\"wpb_wrapper\">\n<div class=\"wpb_single_image wpb_content_element vc_align_left\">\n<figure class=\"wpb_wrapper vc_figure\">\n<div class=\"vc_single_image-wrapper   vc_box_border_grey\"><img loading=\"lazy\" decoding=\"async\" width=\"4032\" height=\"3024\" src=\"https:\/\/www.psib-psoe.org\/menorca\/migjorn\/wp-content\/uploads\/IMG-6914.jpg\" class=\"vc_single_image-img attachment-full\" alt=\"\" \/><\/div>\n<\/figure>\n<\/div>\n<\/div>\n<\/div>\n<\/div>\n<\/div>\n<div class=\"row wpb_row row-fluid intro\">\n<div class=\"wpb_column columns small-12 medium-12 thb-dark-column\">\n<div class=\"vc_column-inner  \">\n<div class=\"wpb_wrapper\">\n<div class=\"wpb_text_column wpb_content_element  \">\n<div class=\"wpb_wrapper\">\n<p><strong>Defensa la necessitat d\u2019un canvi de rumb en la pol\u00edtica municipal, per deixar de banda el populisme i prestar m\u00e9s atenci\u00f3 a les necessitats reals d\u2019Alaior <\/strong><\/p>\n<\/p><\/div><\/div>\n<\/div>\n<\/div>\n<\/div>\n<\/div>\n<div class=\"row wpb_row row-fluid\">\n<div class=\"wpb_column columns small-12 medium-6 thb-dark-column\">\n<div class=\"vc_column-inner  \">\n<div class=\"wpb_wrapper\">\n<div class=\"wpb_text_column wpb_content_element  \">\n<div class=\"wpb_wrapper\">\n<p>El dimarts 8 de febrer, el PSOE Alaior va celebrar la seva assemblea d\u2019inici de mandat i renovaci\u00f3 de c\u00e0rrecs, on Antoni Perea va ser reelegit secretari general de l\u2019agrupaci\u00f3 per als seg\u00fcents quatre anys.<\/p>\n<p>L\u2019acte, que va tenir lloc a la Sala d\u2019Activitats Ciutadanes del municipi, va comptar amb l\u2019assist\u00e8ncia de la secret\u00e0ria general del PSOE Menorca, Susana Mora, aix\u00ed com d\u2019altres companys i companyes de l\u2019executiva insular, com l\u2019alcaldessa de Sant Llu\u00eds, Carol Marqu\u00e8s, o la consellera Noem\u00ed Gomila. Tamb\u00e9 va destacar la pres\u00e8ncia de diversos companys de la coalici\u00f3 Junts per L\u00f4.<\/p>\n<p>En el seu discurs de balan\u00e7 de mandat, Antoni Perea va posar en valor l\u2019atenci\u00f3 que presten les administracions insular i auton\u00f2mica per possibilitar inversions al municipi i va criticar \u201cel populisme del batle, per atribuir-se m\u00e8rits que no s\u00f3n propis\u201d. \u201cMentre al Consell podem agrair el finan\u00e7ament per actuacions importants com les millores a Cala en Porter o el Casal de Joves, possibilitades pels Plans de Cooperaci\u00f3 Local, l\u2019Ajuntament \u00e9s incapa\u00e7 de posar s\u00f2l p\u00fablic a disposici\u00f3 perqu\u00e8 el Govern Balear pugui construir, per exemple, la unitat sanit\u00e0ria o un centre de dia nou, en condicions\u201d. I va afegir que \u201cmentre diem que Alaior \u00e9s la tercera pot\u00e8ncia mundial de Menorca (en al\u00b7lusi\u00f3 a les paraules del batle a Fitur), resulta que \u00e9s incapa\u00e7 d\u2019aprovar, ni tan sols inicialment, el PGOU pel qual estan pendents moltes inversions privades i p\u00fabliques\u201d.<\/p>\n<\/p><\/div><\/div>\n<\/div>\n<\/div>\n<\/div>\n<div class=\"wpb_column columns small-12 medium-6 thb-dark-column\">\n<div class=\"vc_column-inner  \">\n<div class=\"wpb_wrapper\">\n<div class=\"wpb_text_column wpb_content_element  \">\n<div class=\"wpb_wrapper\">\n<p>Pel que fa a les passades eleccions, va valorar com a \u201coportuna\u201d l\u2019experi\u00e8ncia de conc\u00f3rrer amb la coalici\u00f3 de Junts per L\u00f4 i va agrair la feina que estan duent a terme els seus regidors i regidores, amb Maria Camps al capdavant. Va dir que l\u2019opci\u00f3, en aquell moment, li va semblar \u201cmolt bona\u201d i va sentir \u201ccerta decepci\u00f3\u201d per no haver aconseguit el govern. Amb la perspectiva d\u2019aquests anys de legislatura, \u201ctot i la sintonia entre els membres de la coalici\u00f3 i la bona feina feta en conjunt\u201d, valora que a la vista d\u2019unes properes eleccions, \u201c\u00e9s convenient cercar noves f\u00f3rmules i conc\u00f3rrer amb una candidatura pr\u00f2pia amb la qual els electors es puguin veure representats amb les seves particularitats ideol\u00f2giques\u201d.<\/p>\n<p>En aquest sentit, la secret\u00e0ria general del PSOE Menorca, Susana Mora, va reflexionar que \u201cpoques vegades les coalicions electorals sumen els mateixos vots que quan els partits d\u2019esquerres es presenten separadament\u201d, per\u00f2 va deixar clara, tamb\u00e9, \u201cla necessitat d\u2019una col\u00b7laboraci\u00f3 constant entre les diferents forces progressistes\u201d i va reafirmar el seu \u201ccomprom\u00eds per possibilitar els pactes que siguin oportuns per construir una alternativa d\u2019esquerres per a Alaior\u201d.<\/p>\n<p>Pel que fa a l\u2019an\u00e0lisi de la situaci\u00f3 insular, Mora va explicar que la gesti\u00f3 de la crisi ha donat l\u2019oportunitat per contraposar dos models diferents de fer pol\u00edtica i de prioritats: \u201cPer als governs del PSOE, primer ha estat la salut. I avantposar la salut ha perm\u00e8s un impuls a l\u2019economia, que tamb\u00e9 s\u2019ha reactivat gr\u00e0cies a les ajudes p\u00fabliques i a l\u2019escut social\u201d.<\/p>\n<\/p><\/div><\/div>\n<\/div>\n<\/div>\n<\/div>\n<\/div>\n<p>&#013;<br \/>\nSource: Municipi Alaior<\/p>\n","protected":false},"excerpt":{"rendered":"<p>Defensa la necessitat d\u2019un canvi de rumb en la pol\u00edtica municipal, per deixar de banda el populisme i prestar m\u00e9s atenci\u00f3 a les necessitats reals d\u2019Alaior El dimarts 8 de febrer, el PSOE Alaior va celebrar la seva assemblea d\u2019inici de mandat i renovaci\u00f3 de c\u00e0rrecs, on Antoni Perea va ser reelegit secretari general de&hellip;<\/p>\n","protected":false},"author":7,"featured_media":25627,"comment_status":"false","ping_status":"open","sticky":false,"template":"","format":"standard","meta":{"footnotes":""},"categories":[103],"tags":[84],"class_list":["post-25626","post","type-post","status-publish","format-standard","has-post-thumbnail","hentry","category-alaior","tag-psib-psoe"],"_links":{"self":[{"href":"https:\/\/www.psib-psoe.org\/menorca\/migjorn\/wp-json\/wp\/v2\/posts\/25626"}],"collection":[{"href":"https:\/\/www.psib-psoe.org\/menorca\/migjorn\/wp-json\/wp\/v2\/posts"}],"about":[{"href":"https:\/\/www.psib-psoe.org\/menorca\/migjorn\/wp-json\/wp\/v2\/types\/post"}],"author":[{"embeddable":true,"href":"https:\/\/www.psib-psoe.org\/menorca\/migjorn\/wp-json\/wp\/v2\/users\/7"}],"replies":[{"embeddable":true,"href":"https:\/\/www.psib-psoe.org\/menorca\/migjorn\/wp-json\/wp\/v2\/comments?post=25626"}],"version-history":[{"count":0,"href":"https:\/\/www.psib-psoe.org\/menorca\/migjorn\/wp-json\/wp\/v2\/posts\/25626\/revisions"}],"wp:featuredmedia":[{"embeddable":true,"href":"https:\/\/www.psib-psoe.org\/menorca\/migjorn\/wp-json\/wp\/v2\/media\/25627"}],"wp:attachment":[{"href":"https:\/\/www.psib-psoe.org\/menorca\/migjorn\/wp-json\/wp\/v2\/media?parent=25626"}],"wp:term":[{"taxonomy":"category","embeddable":true,"href":"https:\/\/www.psib-psoe.org\/menorca\/migjorn\/wp-json\/wp\/v2\/categories?post=25626"},{"taxonomy":"post_tag","embeddable":true,"href":"https:\/\/www.psib-psoe.org\/menorca\/migjorn\/wp-json\/wp\/v2\/tags?post=25626"}],"curies":[{"name":"wp","href":"https:\/\/api.w.org\/{rel}","templated":true}]}}