{"id":25789,"date":"2023-04-13T12:46:48","date_gmt":"2023-04-13T10:46:48","guid":{"rendered":"https:\/\/www.psib-psoe.org\/menorca\/migjorn\/toni-mir-presenta-un-equip-de-persones-format-i-plural-amb-la-voluntat-de-capgirar-la-manera-de-fer-politica-a-alaior\/"},"modified":"2023-04-13T12:46:48","modified_gmt":"2023-04-13T10:46:48","slug":"toni-mir-presenta-un-equip-de-persones-format-i-plural-amb-la-voluntat-de-capgirar-la-manera-de-fer-politica-a-alaior","status":"publish","type":"post","link":"https:\/\/www.psib-psoe.org\/menorca\/migjorn\/toni-mir-presenta-un-equip-de-persones-format-i-plural-amb-la-voluntat-de-capgirar-la-manera-de-fer-politica-a-alaior\/","title":{"rendered":"Toni Mir presenta un equip de persones format i plural amb la voluntat de capgirar la manera de fer pol\u00edtica a Alaior"},"content":{"rendered":"<div class=\"row wpb_row row-fluid img_noticia\">\n<div class=\"wpb_column columns small-12 medium-12 thb-dark-column\">\n<div class=\"vc_column-inner  \">\n<div class=\"wpb_wrapper\">\n<div class=\"wpb_single_image wpb_content_element vc_align_left\">\n<figure class=\"wpb_wrapper vc_figure\">\n<div class=\"vc_single_image-wrapper   vc_box_border_grey\"><img loading=\"lazy\" decoding=\"async\" width=\"6000\" height=\"4000\" src=\"https:\/\/www.psib-psoe.org\/menorca\/migjorn\/wp-content\/uploads\/Candidatura-PSOE-Alaior.jpg\" class=\"vc_single_image-img attachment-full\" alt=\"\" \/><\/div>\n<\/figure>\n<\/div>\n<\/div>\n<\/div>\n<\/div>\n<\/div>\n<div class=\"row wpb_row row-fluid intro\">\n<div class=\"wpb_column columns small-12 medium-12 thb-dark-column\">\n<div class=\"vc_column-inner  \">\n<div class=\"wpb_wrapper\">\n<div class=\"wpb_text_column wpb_content_element  \">\n<div class=\"wpb_wrapper\">\n<p>Els socialistes d\u2019Alaior van celebrar ahir capvespre l\u2019acte p\u00fablic de presentaci\u00f3 de la candidatura municipal per a les eleccions del 28 de maig al Pati de sa Lluna<\/p>\n<\/div>\n<\/div>\n<\/div>\n<\/div>\n<\/div>\n<\/div>\n<div class=\"row wpb_row row-fluid\">\n<div class=\"wpb_column columns small-12 medium-6 thb-dark-column\">\n<div class=\"vc_column-inner  \">\n<div class=\"wpb_wrapper\">\n<div class=\"wpb_text_column wpb_content_element  \">\n<div class=\"wpb_wrapper\">\n<p>El PSOE Alaior va presentar ahir, en un acte de presentaci\u00f3 p\u00fablica al Pati de sa Lluna, la candidatura municipal per a les eleccions de maig, encap\u00e7alada per Toni Mir. Durant el seu discurs inicial, el candidat va defensar que \u201cpresentam un equip de persones que poden capgirar una manera de fer pol\u00edtica que els socialistes no compartim\u201d. Una candidatura que \u201crespon a la pluralitat del poble, preparada i amb el comprom\u00eds per donar l\u2019impuls necessari a projectes estrat\u00e8gicament importants\u201d.<span class=\"Apple-converted-space\">\u00a0<\/span><\/p>\n<p>Mir tamb\u00e9 va manifestar que \u201cels socialistes feim el que deim\u201d. Concretament, \u201cel nostre comprom\u00eds \u00e9s ampliar el geri\u00e0tric municipal; impulsarem la creaci\u00f3 d\u2019un pla local d\u2019acc\u00e9s a l\u2019habitatge i la junta municipal de Cala en Porter perqu\u00e8 tengui veu a l\u2019Ajuntament, aix\u00ed com aconseguirem un nou espai per a l\u2019escola de m\u00fasica, tan necessari i demandat\u201d. A m\u00e9s, va afegir que \u201ctenim la intenci\u00f3 de crear una oficina municipal d\u2019ajuda i d\u2019acompanyament a totes les entitats socials, culturals, econ\u00f2miques i esportives del poble\u201d.<span class=\"Apple-converted-space\">\u00a0<\/span><\/p>\n<\/div>\n<\/div>\n<\/div>\n<\/div>\n<\/div>\n<div class=\"wpb_column columns small-12 medium-6 thb-dark-column\">\n<div class=\"vc_column-inner  \">\n<div class=\"wpb_wrapper\">\n<div class=\"wpb_text_column wpb_content_element  \">\n<div class=\"wpb_wrapper\">\n<p>Per \u00faltim, el socialista va afegir que \u201cAlaior ha de pujar al tren del segle XXI, no podem deixar m\u00e9s projectes enrere i hem de comen\u00e7ar a fer feina de valent, per a tots els ve\u00efns i ve\u00efnes, a partir del 29 de maig\u201d. \u201cSer\u00e9 es batle dels que ens votin i dels que no. Dels que tenen m\u00e9s i dels que tenen menys. Dels arrelats i dels nouvinguts. Dels joves i dels grans. No ser\u00e9 el batle de PSOE, sin\u00f3 de tots i de totes sense cap excepci\u00f3\u201d, va concloure el socialista.<\/p>\n<p><b>CANDIDATURA MUNICIPAL PSOE ALAIOR<span class=\"Apple-converted-space\">\u00a0<\/span><\/b><\/p>\n<ol>\n<li>Toni Mir<\/li>\n<li>Mireia G\u00f3mez<\/li>\n<li>Alex Vidal<span class=\"Apple-converted-space\">\u00a0<\/span><\/li>\n<li>Maite Verger<\/li>\n<li>Paco Guerrero<\/li>\n<li>Susana Caudep\u00f3n<\/li>\n<li>Joan Pons<\/li>\n<li>Isa Perea<\/li>\n<li>Hendrik Reuter<\/li>\n<li>Joia Enrich<\/li>\n<li>Abdul Azzaoui<\/li>\n<li>Mili Trobat<\/li>\n<li>Toni Fortuny<\/li>\n<\/ol>\n<\/div>\n<\/div>\n<\/div>\n<\/div>\n<\/div>\n<\/div>\n<p>&#013;<br \/>\nSource: Federaci\u00f3 de Menorca<\/p>\n<p>&#013;<br \/>\nSource: Municipi Alaior<\/p>\n","protected":false},"excerpt":{"rendered":"<p>Els socialistes d\u2019Alaior van celebrar ahir capvespre l\u2019acte p\u00fablic de presentaci\u00f3 de la candidatura municipal per a les eleccions del 28 de maig al Pati de sa Lluna El PSOE Alaior va presentar ahir, en un acte de presentaci\u00f3 p\u00fablica al Pati de sa Lluna, la candidatura municipal per a les eleccions de maig, encap\u00e7alada&hellip;<\/p>\n","protected":false},"author":7,"featured_media":25790,"comment_status":"false","ping_status":"closed","sticky":false,"template":"","format":"standard","meta":{"footnotes":""},"categories":[103],"tags":[84],"class_list":["post-25789","post","type-post","status-publish","format-standard","has-post-thumbnail","hentry","category-alaior","tag-psib-psoe"],"_links":{"self":[{"href":"https:\/\/www.psib-psoe.org\/menorca\/migjorn\/wp-json\/wp\/v2\/posts\/25789"}],"collection":[{"href":"https:\/\/www.psib-psoe.org\/menorca\/migjorn\/wp-json\/wp\/v2\/posts"}],"about":[{"href":"https:\/\/www.psib-psoe.org\/menorca\/migjorn\/wp-json\/wp\/v2\/types\/post"}],"author":[{"embeddable":true,"href":"https:\/\/www.psib-psoe.org\/menorca\/migjorn\/wp-json\/wp\/v2\/users\/7"}],"replies":[{"embeddable":true,"href":"https:\/\/www.psib-psoe.org\/menorca\/migjorn\/wp-json\/wp\/v2\/comments?post=25789"}],"version-history":[{"count":0,"href":"https:\/\/www.psib-psoe.org\/menorca\/migjorn\/wp-json\/wp\/v2\/posts\/25789\/revisions"}],"wp:featuredmedia":[{"embeddable":true,"href":"https:\/\/www.psib-psoe.org\/menorca\/migjorn\/wp-json\/wp\/v2\/media\/25790"}],"wp:attachment":[{"href":"https:\/\/www.psib-psoe.org\/menorca\/migjorn\/wp-json\/wp\/v2\/media?parent=25789"}],"wp:term":[{"taxonomy":"category","embeddable":true,"href":"https:\/\/www.psib-psoe.org\/menorca\/migjorn\/wp-json\/wp\/v2\/categories?post=25789"},{"taxonomy":"post_tag","embeddable":true,"href":"https:\/\/www.psib-psoe.org\/menorca\/migjorn\/wp-json\/wp\/v2\/tags?post=25789"}],"curies":[{"name":"wp","href":"https:\/\/api.w.org\/{rel}","templated":true}]}}