{"id":27201,"date":"2023-12-01T19:04:27","date_gmt":"2023-12-01T17:04:27","guid":{"rendered":"https:\/\/www.psib-psoe.org\/menorca\/migjorn\/?p=27201"},"modified":"2023-12-01T19:04:27","modified_gmt":"2023-12-01T17:04:27","slug":"el-psoe-menorca-presenta-mes-de-100-esmenes-als-pressupostos-de-la-comunitat-autonoma-per-compensar-loblit-dinversions-estretegiques-per-a-menorca-als-comptes-autonomics","status":"publish","type":"post","link":"https:\/\/www.psib-psoe.org\/menorca\/migjorn\/el-psoe-menorca-presenta-mes-de-100-esmenes-als-pressupostos-de-la-comunitat-autonoma-per-compensar-loblit-dinversions-estretegiques-per-a-menorca-als-comptes-autonomics\/","title":{"rendered":"El PSOE Menorca presenta m\u00e9s de 100 esmenes als pressupostos de la Comunitat Aut\u00f2noma per compensar l\u2019oblit d\u2019inversions estret\u00e8giques per a Menorca als comptes auton\u00f2mics"},"content":{"rendered":"<div class=\"row wpb_row row-fluid img_noticia\">\n<div class=\"wpb_column columns small-12 medium-12 thb-dark-column\">\n<div class=\"vc_column-inner  \">\n<div class=\"wpb_wrapper\">\n<div class=\"wpb_single_image wpb_content_element vc_align_left\">\n<figure class=\"wpb_wrapper vc_figure\">\n<div class=\"vc_single_image-wrapper   vc_box_border_grey\"><img loading=\"lazy\" decoding=\"async\" width=\"2560\" height=\"2049\" src=\"https:\/\/www.psib-psoe.org\/menorca\/migjorn\/wp-content\/uploads\/Susana-i-Damia-scaled.jpg\" class=\"vc_single_image-img attachment-full\" alt=\"\" \/><\/div>\n<\/figure>\n<\/div>\n<\/div>\n<\/div>\n<\/div>\n<\/div>\n<div class=\"row wpb_row row-fluid intro\">\n<div class=\"wpb_column columns small-12 medium-12 thb-dark-column\">\n<div class=\"vc_column-inner  \">\n<div class=\"wpb_wrapper\">\n<div class=\"wpb_text_column wpb_content_element  \">\n<div class=\"wpb_wrapper\">\n<p>El PSOE Menorca ha presentat un seguit d\u2019esmenes als pressupostos aut\u00f2nomics que representen uns 65M\u20ac en mat\u00e8ria d\u2019habitatge, escut social, agricultura i mobilitat<\/p>\n<\/p><\/div><\/div>\n<\/div>\n<\/div>\n<\/div>\n<\/div>\n<div class=\"row wpb_row row-fluid\">\n<div class=\"wpb_column columns small-12 medium-6 thb-dark-column\">\n<div class=\"vc_column-inner  \">\n<div class=\"wpb_wrapper\">\n<div class=\"wpb_text_column wpb_content_element  \">\n<div class=\"wpb_wrapper\">\n<p>La portaveu del Grup Socialista al Consell Insular, Susana Mora, acompanyada pel diputat, Dami\u00e0 Borr\u00e0s, ha explicat que el Partit Socialista ha presentat unes 100 esmenes als pressupostos de la Comunitat Aut\u00f2noma per a 2024 en mat\u00e8ria d\u2019habitatge, escut social, agricultura i mobilitat, i que suposen uns 65 milions d\u2019euros.<span class=\"Apple-converted-space\">\u00a0<\/span><\/p>\n<p>La socialista ha comen\u00e7at explicant que \u201cdes del Partit Socialista hem presentat un seguit d\u2019esmenes als pressupostos perqu\u00e8, malgrat sigui el pressupost m\u00e9s alt de la hist\u00f2ria, oblida absolutament totes les inversions estrat\u00e8giques per a Menorca i els projectes m\u00e9s importants\u201d. De fet, \u201cesteim davant la nula capacitat del president del Consell Insular, Adolfo Vilafranca, per negociar la millora d\u2019aquest pressupost de la nostra illa\u201d.<span class=\"Apple-converted-space\">\u00a0<\/span><\/p>\n<p>En aquest sentit, \u201ces tracta d\u2019un pressupost que no \u00e9s bo per a Menorca, ja que no hi ha previstes noves inversions, en cap mat\u00e8ria, per a la nostra illa. Nom\u00e9s hi ha, per una banda, inversions continuistes del nostre Govern de pacte i, per l\u2019altra, inversions fonamentals que han caigut, com \u00e9s el cas del projecte de Mil\u00e0 o la projecci\u00f3 de noves promocions en habitatge\u201d, ha defensat.<span class=\"Apple-converted-space\">\u00a0<\/span><\/p>\n<p>Concretament, Mora ha explicat que una part important de les esmenes que ha presentat el PSOE \u00e9s per demanar el comprom\u00eds de les diferents aministracions per iniciar 5 noves promocions d\u2019habitatge p\u00fablic a Menorca, repartides entre Ma\u00f3, Ciutadella, Ferreries i Es Mercadal. En aquest sentit, la portaveu ha criticat que \u201cen els comptes auton\u00f2mics tampoc no hi hagi cap partida prevista per impulsar l\u2019habitatge p\u00fablic a Menorca, malgrat tenir una consellera al Govern que \u00e9s menorquina\u201d.<span class=\"Apple-converted-space\">\u00a0<\/span><\/p>\n<\/p><\/div><\/div>\n<\/div>\n<\/div>\n<\/div>\n<div class=\"wpb_column columns small-12 medium-6 thb-dark-column\">\n<div class=\"vc_column-inner  \">\n<div class=\"wpb_wrapper\">\n<div class=\"wpb_text_column wpb_content_element  \">\n<div class=\"wpb_wrapper\">\n<p>Pel que fa a infraestructures d\u2019aigua, Mora tamb\u00e9 ha q\u00fcestionat que als pressupostos auton\u00f2mics no hi hagi prevista cap partida relacionada amb aquesta mat\u00e8ria. No obstant a\u00e7\u00f2, \u201cel PSOE ha presentat un paquet important d\u2019esmenes que suponen uns 25 milions d\u2019euros i que tenen a veure amb projectes de clavegueram; un pla de xoc per a la neteja de torrents; una nova xarxa d\u2019abastiment d\u2019aigua a Cala Blanca o la millora d\u2019infraestructures a les zones urbanes de Binisaf\u00faller i Trebal\u00fager, aix\u00ed com tamb\u00e9 l\u2019ampliaci\u00f3 de la depuradora des Mercadal i de Sant Llu\u00eds, entre molts d\u2019altres\u201d.<span class=\"Apple-converted-space\">\u00a0<\/span><\/p>\n<p>Quant a agricultura, \u201ci davant la disminuci\u00f3 d\u2019un 5% del pressupost destinat a aquesta mat\u00e8ria, els i les socialistes presentam esmenes per valor de 21 milions d\u2019euros per a tota la Comunitat Aut\u00f2noma, i concretament uns 4 milions d\u2019euros per a Menorca, per demanar la recuperaci\u00f3 del pla PROVILAC, impulsar l\u2019observatori de preus de la cadena aliment\u00e0ria i un pla d\u2019ajuda a les comunitats de regants\u201d.<span class=\"Apple-converted-space\">\u00a0<\/span><\/p>\n<p>Tamb\u00e9 hi ha previstes diverses esmenes gen\u00e8riques, com \u00e9s la de demanar la gratu\u00eftat del transport p\u00fablic a Menorca, la de reprendre el programa de SOIB joves qualificats, el qual ha estat suprimit per part del Govern balear, el manteniment de l\u2019escut social per donar m\u00e9s i millors oportunitats als menorquins i menorquines que m\u00e9s ho necessiten, l\u2019impuls del centre FP as Castell i la recuperaci\u00f3 del projecte de repotenciaci\u00f3 des Mil\u00e0.<\/p>\n<p>Per \u00faltim, Susana Mora ha recordat que \u201csi el president Adolfo Vilafranca ha estat incapa\u00e7 de negociar un bons pressupostos de la Comunitat Aut\u00f2noma per a la nostra illa, demanam que els diputats i diputades menorquins votin a favor de totes les esmenes que ha presentat el Partit Socialista per tal de millorar els comptes auton\u00f2mics\u201d.<span class=\"Apple-converted-space\">\u00a0<\/span><\/p>\n<\/p><\/div><\/div>\n<\/div>\n<\/div>\n<\/div>\n<\/div>\n<p>&#013;<br \/>\nSource: Federaci\u00f3 de Menorca<\/p>\n","protected":false},"excerpt":{"rendered":"<p>El PSOE Menorca ha presentat un seguit d\u2019esmenes als pressupostos aut\u00f2nomics que representen uns 65M\u20ac en mat\u00e8ria d\u2019habitatge, escut social, agricultura i mobilitat La portaveu del Grup Socialista al Consell Insular, Susana Mora, acompanyada pel diputat, Dami\u00e0 Borr\u00e0s, ha explicat que el Partit Socialista ha presentat unes 100 esmenes als pressupostos de la Comunitat Aut\u00f2noma&hellip;<\/p>\n","protected":false},"author":1,"featured_media":0,"comment_status":"false","ping_status":"closed","sticky":false,"template":"","format":"standard","meta":{"footnotes":""},"categories":[2],"tags":[84],"class_list":["post-27201","post","type-post","status-publish","format-standard","hentry","category-federacio-de-menorca","tag-psib-psoe"],"_links":{"self":[{"href":"https:\/\/www.psib-psoe.org\/menorca\/migjorn\/wp-json\/wp\/v2\/posts\/27201"}],"collection":[{"href":"https:\/\/www.psib-psoe.org\/menorca\/migjorn\/wp-json\/wp\/v2\/posts"}],"about":[{"href":"https:\/\/www.psib-psoe.org\/menorca\/migjorn\/wp-json\/wp\/v2\/types\/post"}],"author":[{"embeddable":true,"href":"https:\/\/www.psib-psoe.org\/menorca\/migjorn\/wp-json\/wp\/v2\/users\/1"}],"replies":[{"embeddable":true,"href":"https:\/\/www.psib-psoe.org\/menorca\/migjorn\/wp-json\/wp\/v2\/comments?post=27201"}],"version-history":[{"count":0,"href":"https:\/\/www.psib-psoe.org\/menorca\/migjorn\/wp-json\/wp\/v2\/posts\/27201\/revisions"}],"wp:attachment":[{"href":"https:\/\/www.psib-psoe.org\/menorca\/migjorn\/wp-json\/wp\/v2\/media?parent=27201"}],"wp:term":[{"taxonomy":"category","embeddable":true,"href":"https:\/\/www.psib-psoe.org\/menorca\/migjorn\/wp-json\/wp\/v2\/categories?post=27201"},{"taxonomy":"post_tag","embeddable":true,"href":"https:\/\/www.psib-psoe.org\/menorca\/migjorn\/wp-json\/wp\/v2\/tags?post=27201"}],"curies":[{"name":"wp","href":"https:\/\/api.w.org\/{rel}","templated":true}]}}