{"id":46343,"date":"2024-07-11T11:25:05","date_gmt":"2024-07-11T09:25:05","guid":{"rendered":"https:\/\/www.psib-psoe.org\/menorca\/migjorn\/comunicat-del-psoe-ciutadella-en-relacio-amb-les-difamacions-que-ha-sofert-llorenc-ferrer-per-part-de-determinats-mitjans-informatius\/"},"modified":"2024-07-11T11:25:05","modified_gmt":"2024-07-11T09:25:05","slug":"comunicat-del-psoe-ciutadella-en-relacio-amb-les-difamacions-que-ha-sofert-llorenc-ferrer-per-part-de-determinats-mitjans-informatius","status":"publish","type":"post","link":"https:\/\/www.psib-psoe.org\/menorca\/migjorn\/comunicat-del-psoe-ciutadella-en-relacio-amb-les-difamacions-que-ha-sofert-llorenc-ferrer-per-part-de-determinats-mitjans-informatius\/","title":{"rendered":"Comunicat del PSOE Ciutadella en relaci\u00f3 amb les difamacions que ha sofert Lloren\u00e7 Ferrer per part de determinats mitjans informatius"},"content":{"rendered":"<p>Davant les recents informacions difamat\u00f2ries publicades per certs mitjans de comunicaci\u00f3, el PSOE vol fer el seg\u00fcent comunicat<\/p>\n<p><strong>Sobre la exist\u00e8ncia de una den\u00fancia<\/strong>.<br \/>El 2011, Lloren\u00e7 Ferrer, llavors director d\u2019una oficina banc\u00e0ria, va ser denunciat en l\u2019exercici de la seva activitat professional i juntament amb l\u2019entitat financera en la qual treballava per presumpta estafa. No obstant aix\u00f2, el 2012, el Jutjat d\u2019Instrucci\u00f3 n\u00famero 1 de Ciutadella va decretar el sobrese\u00efment de la den\u00fancia, afirmant que no hi havia indicis de delicte i que les acusacions mancaven de fonament.<\/p>\n<p><strong>Difusi\u00f3 d\u2019informaci\u00f3 interesada i tergiversada:<br \/><\/strong>Alguns mitjans que han volgut recordar la not\u00edcia aquests dies han manipulat la informaci\u00f3 ometent l\u2019auto\u00a0posterior amb el sobrese\u00efment judicial per no haver-hi en paraules del jutge ni un \u201cm\u00ednim indici de delicte\u201d, i ho han fet amb l\u2019objectiu clar de desprestigiar Lloren\u00e7 Ferrer just abans de la moci\u00f3 de censura que probablement el designar\u00e0 com a alcalde.<\/p>\n<p><strong>Context de la campanya difamat\u00f2ria:<\/strong><br \/>La coincid\u00e8ncia d\u2019aquests atacs amb la moci\u00f3 de censura i el fet que s\u2019hagin dif\u00f3s les informacions des de comptes de correu an\u00f2nims creats expressament, reflecteix una campanya de desprestigi sense precedents destinada a influir negativament en l\u2019opini\u00f3 p\u00fablica i erosionar la imatge del futur alcalde.<\/p>\n<p><strong>Accions legals:<br \/><\/strong>El PSIB-PSOE ha enviat un burofax a\u00a0OK\u00a0Diario\u00a0sol\u00b7licitant el dret de rectificaci\u00f3. Aquesta acci\u00f3 s\u2019ha pres amb l\u2019objectiu de corregir les informacions falses i malintencionades publicades.<\/p>\n<p><strong>Comprom\u00eds amb Ciutadella<br \/><\/strong>Cap campanya medi\u00e0tica orquestrada maliciosament per erosionar el futur govern d\u2019esquerra, avalat pels vots de la majoria dels votants a Ciutadella, i per tant recolzat per la majoria dels regidors de l\u2019Ajuntament, no ens desviar\u00e0 ni un pam de la intenci\u00f3 d\u2019aplicar des del govern municipal de les pol\u00edtiques progressistes que fan i faran de Ciutadella un poble per a les persones, obert i plural: dialogant, que entre altres vol una mobilitat sostenible i lluita per la igualtat i la just\u00edcia social. <\/p>\n<p \/>\n<div class=\"wp-block-image\">\n<figure class=\"aligncenter is-resized\"><img loading=\"lazy\" decoding=\"async\" src=\"https:\/\/www.psib-psoe.org\/menorca\/migjorn\/wp-content\/uploads\/PUBLICACIONS-XARXES-SOCIALS-500-x-500-px-11.jpg\" alt=\"\" class=\"wp-image-26137\" width=\"430\" height=\"430\" \/><\/figure>\n<\/div>\n<p>&#013;<br \/>\nSource: Municipis Ciutadella<\/p>\n","protected":false},"excerpt":{"rendered":"<p>Davant les recents informacions difamat\u00f2ries publicades per certs mitjans de comunicaci\u00f3, el PSOE vol fer el seg\u00fcent comunicat Sobre la exist\u00e8ncia de una den\u00fancia.El 2011, Lloren\u00e7 Ferrer, llavors director d\u2019una oficina banc\u00e0ria, va ser denunciat en l\u2019exercici de la seva activitat professional i juntament amb l\u2019entitat financera en la qual treballava per presumpta estafa. No&hellip;<\/p>\n","protected":false},"author":1,"featured_media":46344,"comment_status":"false","ping_status":"closed","sticky":false,"template":"","format":"standard","meta":{"footnotes":""},"categories":[90],"tags":[84],"class_list":["post-46343","post","type-post","status-publish","format-standard","has-post-thumbnail","hentry","category-municipis","tag-psib-psoe"],"_links":{"self":[{"href":"https:\/\/www.psib-psoe.org\/menorca\/migjorn\/wp-json\/wp\/v2\/posts\/46343"}],"collection":[{"href":"https:\/\/www.psib-psoe.org\/menorca\/migjorn\/wp-json\/wp\/v2\/posts"}],"about":[{"href":"https:\/\/www.psib-psoe.org\/menorca\/migjorn\/wp-json\/wp\/v2\/types\/post"}],"author":[{"embeddable":true,"href":"https:\/\/www.psib-psoe.org\/menorca\/migjorn\/wp-json\/wp\/v2\/users\/1"}],"replies":[{"embeddable":true,"href":"https:\/\/www.psib-psoe.org\/menorca\/migjorn\/wp-json\/wp\/v2\/comments?post=46343"}],"version-history":[{"count":0,"href":"https:\/\/www.psib-psoe.org\/menorca\/migjorn\/wp-json\/wp\/v2\/posts\/46343\/revisions"}],"wp:featuredmedia":[{"embeddable":true,"href":"https:\/\/www.psib-psoe.org\/menorca\/migjorn\/wp-json\/wp\/v2\/media\/46344"}],"wp:attachment":[{"href":"https:\/\/www.psib-psoe.org\/menorca\/migjorn\/wp-json\/wp\/v2\/media?parent=46343"}],"wp:term":[{"taxonomy":"category","embeddable":true,"href":"https:\/\/www.psib-psoe.org\/menorca\/migjorn\/wp-json\/wp\/v2\/categories?post=46343"},{"taxonomy":"post_tag","embeddable":true,"href":"https:\/\/www.psib-psoe.org\/menorca\/migjorn\/wp-json\/wp\/v2\/tags?post=46343"}],"curies":[{"name":"wp","href":"https:\/\/api.w.org\/{rel}","templated":true}]}}