{"id":47095,"date":"2024-10-22T14:17:35","date_gmt":"2024-10-22T12:17:35","guid":{"rendered":"https:\/\/www.psib-psoe.org\/menorca\/migjorn\/el-psoe-denuncia-la-deslleialtat-institucional-del-govern-balear-al-mantenir-a-lex-alcaldessa-pons-torres-com-a-carrec-de-ports-ib-en-detriment-del-batle-de-ciutadella\/"},"modified":"2024-10-22T14:17:35","modified_gmt":"2024-10-22T12:17:35","slug":"el-psoe-denuncia-la-deslleialtat-institucional-del-govern-balear-al-mantenir-a-lex-alcaldessa-pons-torres-com-a-carrec-de-ports-ib-en-detriment-del-batle-de-ciutadella","status":"publish","type":"post","link":"https:\/\/www.psib-psoe.org\/menorca\/migjorn\/el-psoe-denuncia-la-deslleialtat-institucional-del-govern-balear-al-mantenir-a-lex-alcaldessa-pons-torres-com-a-carrec-de-ports-ib-en-detriment-del-batle-de-ciutadella\/","title":{"rendered":"El PSOE denuncia la deslleialtat institucional del Govern balear al mantenir a l\u2019ex alcaldessa Pons Torres com a c\u00e0rrec de Ports IB en detriment del batle de Ciutadella"},"content":{"rendered":"<p>El Partit Socialista denuncia p\u00fablicament la decisi\u00f3 del Govern balear, presidit per Marga<br \/>Prohens, i del conseller de la Mar i del Cicle de l\u2019Aigua, Juan Manuel Lafuente, de mantenir a<br \/>Juana Mari Pons Torres, exalcaldessa de Ciutadella i actual regidora a l\u2019oposici\u00f3, com a vocal del<br \/>Consell d\u2019Administraci\u00f3 de Ports de les Illes Balears (Ports IB), tot i que ja no li correspon en no<br \/>ser la batlessa.<\/p>\n<p>Aquesta decisi\u00f3, sense cap mena de precedent, la considera \u201cuna greu deslleialtat institucional<br \/>per part del Govern balear\u201d, at\u00e8s que Juana Mari Pons Torres no forma part del govern municipalde Ciutadella, i \u201c\u00fanicament representa els interessos del Partit Popular a la oposici\u00f3.\u201d<br \/>Deslleialtat institucional i manipulaci\u00f3 pol\u00edtica<\/p>\n<p>Des del PSOE s\u2019ha expressat preocupaci\u00f3 per aquesta situaci\u00f3, que qualifiquen de<br \/>\u201cabsolutament inusual\u201d i que revela una utilitzaci\u00f3 partidista d\u2019un ens p\u00fablic de gran<br \/>import\u00e0ncia, com \u00e9s Ports IB. Segons Pilar Carbonero, diputada socialista, \u201c\u00e9s evident que<br \/>s\u2019estan bloquejant els mecanismes de representaci\u00f3 democr\u00e0tica amb una manca absoluta de<br \/>transpar\u00e8ncia.\u201d La diputada ha subratllat que \u201cPORTS s\u2019ha negat per escrit a incorporar al nou<br \/>representant de l\u2019equip de govern, el batle Lloren\u00e7 Ferrer\u201d, fet que suposa un bloqueig<br \/>intencionat de la representaci\u00f3 leg\u00edtima de Ciutadella en el consell d\u2019administraci\u00f3 de PORTS IB.<\/p>\n<p><strong>Interessos econ\u00f2mics o personals?<\/strong><br \/>La pregunta sobre possibles interessos econ\u00f2mics o personals darrere aquesta decisi\u00f3 \u00e9s<br \/>inevitable. Des del PSOE es denuncia que es pugui estar instrumentalitzant una instituci\u00f3 p\u00fablica<br \/>per purs interessos partidistes, amb la finalitat de mantenir privilegis en mans del Partit Popular.<br \/>\u201cNo poden amagar-se darrere l\u2019argument que els nomenaments s\u00f3n per quatre anys, perqu\u00e8 hi<br \/>ha substitucions constants per canvis de presid\u00e8ncia o altres motius, sense haver de complir els<br \/>quatre anys\u201d, ha remarcat Carbonero.<br \/>Qualsevol declaraci\u00f3 sobre la neutralitat o el suposat car\u00e0cter institucional que volen donar<br \/>queden en simples fal\u00b7l\u00e0cies despr\u00e9s de mantenir aquesta situaci\u00f3\u201d, ha assenyalat la diputada<br \/>socialista, que far\u00e0 aquest dimarts una pregunta a la sessi\u00f3 del Parlament de control del Govern.<\/p>\n<p><strong>Exig\u00e8ncia de canvi immediat<\/strong><br \/>El PSOE exigeix a Juan Manuel Lafuente, com a president de Ports IB, que es facin els<br \/>nomenaments corresponents per respectar la representaci\u00f3 democr\u00e0tica del municipi de<br \/>Ciutadella i que no es continu\u00ef instrumentalitzant aquesta instituci\u00f3 p\u00fablica per interessos partidistes. \u201cNo podem permetre que una persona que \u00fanicament representa el Partit Popular<br \/>continu\u00ef ocupant un c\u00e0rrec que correspon al batle de Ciutadella, elegit democr\u00e0ticament per la<br \/>majoria dels ciutadans\u201d, ha concl\u00f2s Carbonero.<\/p>\n<p>Aquesta situaci\u00f3, permesa tant per la presidenta Marga Prohens com pel conseller Juan<br \/>Manuel Lafuente, suposa una greu anomalia institucional i democr\u00e0tica, que el Partit<br \/>Socialista no deixar\u00e0 de denunciar fins que es restableixi la normalitat i el respecte a la<br \/>voluntat popular del municipi.<\/p>\n<div class=\"wp-block-file\"><a href=\"https:\/\/www.psib-psoe.org\/51e9e190-ca3b-4a55-81bc-0b22eecfe94a\">Escolta l\u2019audio de la diputada socialista Pilar Carbonero<\/a><a href=\"https:\/\/www.psib-psoe.org\/51e9e190-ca3b-4a55-81bc-0b22eecfe94a\" class=\"wp-block-file__button\">Baixa<\/a><\/div>\n<p>&#013;<br \/>\nSource: Municipis Ciutadella<\/p>\n","protected":false},"excerpt":{"rendered":"<p>El Partit Socialista denuncia p\u00fablicament la decisi\u00f3 del Govern balear, presidit per MargaProhens, i del conseller de la Mar i del Cicle de l\u2019Aigua, Juan Manuel Lafuente, de mantenir aJuana Mari Pons Torres, exalcaldessa de Ciutadella i actual regidora a l\u2019oposici\u00f3, com a vocal delConsell d\u2019Administraci\u00f3 de Ports de les Illes Balears (Ports IB), tot&hellip;<\/p>\n","protected":false},"author":1,"featured_media":0,"comment_status":"false","ping_status":"closed","sticky":false,"template":"","format":"standard","meta":{"footnotes":""},"categories":[90],"tags":[84],"class_list":["post-47095","post","type-post","status-publish","format-standard","hentry","category-municipis","tag-psib-psoe"],"_links":{"self":[{"href":"https:\/\/www.psib-psoe.org\/menorca\/migjorn\/wp-json\/wp\/v2\/posts\/47095"}],"collection":[{"href":"https:\/\/www.psib-psoe.org\/menorca\/migjorn\/wp-json\/wp\/v2\/posts"}],"about":[{"href":"https:\/\/www.psib-psoe.org\/menorca\/migjorn\/wp-json\/wp\/v2\/types\/post"}],"author":[{"embeddable":true,"href":"https:\/\/www.psib-psoe.org\/menorca\/migjorn\/wp-json\/wp\/v2\/users\/1"}],"replies":[{"embeddable":true,"href":"https:\/\/www.psib-psoe.org\/menorca\/migjorn\/wp-json\/wp\/v2\/comments?post=47095"}],"version-history":[{"count":0,"href":"https:\/\/www.psib-psoe.org\/menorca\/migjorn\/wp-json\/wp\/v2\/posts\/47095\/revisions"}],"wp:attachment":[{"href":"https:\/\/www.psib-psoe.org\/menorca\/migjorn\/wp-json\/wp\/v2\/media?parent=47095"}],"wp:term":[{"taxonomy":"category","embeddable":true,"href":"https:\/\/www.psib-psoe.org\/menorca\/migjorn\/wp-json\/wp\/v2\/categories?post=47095"},{"taxonomy":"post_tag","embeddable":true,"href":"https:\/\/www.psib-psoe.org\/menorca\/migjorn\/wp-json\/wp\/v2\/tags?post=47095"}],"curies":[{"name":"wp","href":"https:\/\/api.w.org\/{rel}","templated":true}]}}