{"id":25168,"date":"2020-03-10T11:45:24","date_gmt":"2020-03-10T09:45:24","guid":{"rendered":"http:\/\/www.psib-psoe.org\/menorca\/?p=25168"},"modified":"2020-03-23T18:07:40","modified_gmt":"2020-03-23T16:07:40","slug":"el-psoe-menorca-celebra-la-proposta-del-psib-de-crear-una-una-ponencia-sobre-insularitat-al-senat","status":"publish","type":"post","link":"https:\/\/www.psib-psoe.org\/menorca\/el-psoe-menorca-celebra-la-proposta-del-psib-de-crear-una-una-ponencia-sobre-insularitat-al-senat\/","title":{"rendered":"El PSOE Menorca celebra la proposta del PSIB de crear una una Pon\u00e8ncia sobre Insularitat al Senat"},"content":{"rendered":"<div class=\"wpb-content-wrapper\">[vc_row el_class=&#8221;img_noticia&#8221;][vc_column][vc_single_image image=&#8221;25169&#8243; img_size=&#8221;full&#8221;][\/vc_column][\/vc_row][vc_row el_class=&#8221;intro&#8221;][vc_column][vc_column_text][\/vc_column_text][\/vc_column][\/vc_row][vc_row][vc_column width=&#8221;1\/2&#8243;][vc_column_text]El PSOE Menorca celebra la decisi\u00f3 del Grup Parlamentari Socialista al Senat de crear una pon\u00e8ncia sobre Insularitat i Ciutats Aut\u00f2nomes dins de la Comissi\u00f3 de Despoblaci\u00f3 i Repte Demogr\u00e0fic, \u201cuna pon\u00e8ncia que permetr\u00e0 definir les necessitats que tenim a les nostres illes i veure com aquestes es poden compensar\u201d, ha avan\u00e7at el Secretari d\u2019Organitzaci\u00f3 i portaveu del partit, Dami\u00e0 Borr\u00e0s.<span class=\"Apple-converted-space\">\u00a0<\/span><\/p>\n<p>En aquest sentit, els i les socialistes de Menorca entenen que \u201cla millor eina per a tractar la insularitat, \u00e9s a trav\u00e9s d\u2019una pon\u00e8ncia i no d\u2019una Comissi\u00f3 espec\u00edfica sobre el tema perqu\u00e8 es tracta d\u2019una q\u00fcesti\u00f3 transversal\u201d.<span class=\"Apple-converted-space\">\u00a0<\/span>[\/vc_column_text][\/vc_column][vc_column width=&#8221;1\/2&#8243;][vc_column_text]De fet, el Govern central ja ha actuat per pal\u00b7liar els efectes de la insularitat, aprovant un acord arribat pel Consell de Ministres que t\u00e9 per objectiu l\u2019agilitzaci\u00f3 i la simplificaci\u00f3 de les subvencions en el transport de mercaderies a les Illes Balears. Borr\u00e0s ha fe refer\u00e8ncia al fet que \u201cfer pol\u00edtica \u00fatil \u00e9s aprovar mesures com aquestes que beneficien el conjunt de les nostres illes&#8221;, per\u00f2 \u201csom conscients que hem de seguir fent feina en aquesta l\u00ednia per a seguir avan\u00e7ant\u201d.<span class=\"Apple-converted-space\">\u00a0<\/span><\/p>\n<p>Per \u00faltim, Borr\u00e0s s\u2019ha afegit a les paraules dels senadors socialistes de Balears i ha<span class=\"Apple-converted-space\">\u00a0 <\/span>qualificat aquesta proposta com \u201cla millor f\u00f3rmula\u201d, ja que \u201cvolem seguir duent les q\u00fcestions sobre transport, transici\u00f3 energ\u00e8tica i finan\u00e7ament a totes les comissions legislatives, perqu\u00e8 defensam que la insularitat s\u2019ha d\u2019entendre com un tema transversal i que, per tant, ha de ser present a totes les comissions del Senat\u201d.<span class=\"Apple-converted-space\">\u00a0<\/span>[\/vc_column_text][\/vc_column][\/vc_row]\n<\/div>","protected":false},"excerpt":{"rendered":"<p>[vc_row el_class=&#8221;img_noticia&#8221;][vc_column][vc_single_image image=&#8221;25169&#8243; img_size=&#8221;full&#8221;][\/vc_column][\/vc_row][vc_row el_class=&#8221;intro&#8221;][vc_column][vc_column_text][\/vc_column_text][\/vc_column][\/vc_row][vc_row][vc_column width=&#8221;1\/2&#8243;][vc_column_text]El PSOE Menorca celebra la decisi\u00f3 del Grup Parlamentari Socialista al Senat de crear una pon\u00e8ncia sobre Insularitat i Ciutats Aut\u00f2nomes dins de la Comissi\u00f3 de Despoblaci\u00f3 i Repte Demogr\u00e0fic, \u201cuna pon\u00e8ncia que permetr\u00e0 definir les necessitats que tenim a les nostres illes i veure com aquestes es poden compensar\u201d,&hellip;<\/p>\n","protected":false},"author":6,"featured_media":0,"comment_status":"open","ping_status":"open","sticky":false,"template":"","format":"standard","meta":{"footnotes":""},"categories":[2,92],"tags":[],"class_list":["post-25168","post","type-post","status-publish","format-standard","hentry","category-federacio-de-menorca","category-portada"],"_links":{"self":[{"href":"https:\/\/www.psib-psoe.org\/menorca\/wp-json\/wp\/v2\/posts\/25168"}],"collection":[{"href":"https:\/\/www.psib-psoe.org\/menorca\/wp-json\/wp\/v2\/posts"}],"about":[{"href":"https:\/\/www.psib-psoe.org\/menorca\/wp-json\/wp\/v2\/types\/post"}],"author":[{"embeddable":true,"href":"https:\/\/www.psib-psoe.org\/menorca\/wp-json\/wp\/v2\/users\/6"}],"replies":[{"embeddable":true,"href":"https:\/\/www.psib-psoe.org\/menorca\/wp-json\/wp\/v2\/comments?post=25168"}],"version-history":[{"count":0,"href":"https:\/\/www.psib-psoe.org\/menorca\/wp-json\/wp\/v2\/posts\/25168\/revisions"}],"wp:attachment":[{"href":"https:\/\/www.psib-psoe.org\/menorca\/wp-json\/wp\/v2\/media?parent=25168"}],"wp:term":[{"taxonomy":"category","embeddable":true,"href":"https:\/\/www.psib-psoe.org\/menorca\/wp-json\/wp\/v2\/categories?post=25168"},{"taxonomy":"post_tag","embeddable":true,"href":"https:\/\/www.psib-psoe.org\/menorca\/wp-json\/wp\/v2\/tags?post=25168"}],"curies":[{"name":"wp","href":"https:\/\/api.w.org\/{rel}","templated":true}]}}