{"id":25471,"date":"2020-06-12T09:09:05","date_gmt":"2020-06-12T07:09:05","guid":{"rendered":"http:\/\/www.psib-psoe.org\/menorca\/?p=25471"},"modified":"2020-06-17T10:54:15","modified_gmt":"2020-06-17T08:54:15","slug":"el-consell-insular-destina-500-000e-per-a-ajudes-a-autonoms-per-palliar-les-consequencies-patides-pel-tancament-de-la-seva-activitat-donat-lestat-dalarma","status":"publish","type":"post","link":"https:\/\/www.psib-psoe.org\/menorca\/el-consell-insular-destina-500-000e-per-a-ajudes-a-autonoms-per-palliar-les-consequencies-patides-pel-tancament-de-la-seva-activitat-donat-lestat-dalarma\/","title":{"rendered":"El Consell Insular destina 500.000\u20ac per a ajudes a aut\u00f2noms per pal\u00b7liar les conseq\u00fc\u00e8ncies patides pel tancament de la seva activitat"},"content":{"rendered":"<div class=\"wpb-content-wrapper\">[vc_row el_class=&#8221;img_noticia&#8221;][vc_column][vc_single_image image=&#8221;25472&#8243; img_size=&#8221;full&#8221;][\/vc_column][\/vc_row][vc_row el_class=&#8221;intro&#8221;][vc_column][vc_column_text][\/vc_column_text][\/vc_column][\/vc_row][vc_row][vc_column width=&#8221;1\/2&#8243;][vc_column_text]La Presidenta del Consell Insular, Susana Mora, ha presentat el primer paquet d\u2019ajudes d\u2019impuls del Pla Menorca Covid-19 el qual ha de permetre seguir reactivar l\u2019economia de Menorca i mantenir una societat m\u00e9s cohesionada.<\/p>\n<p>Durant la compareixen\u00e7a, ha volgut agrair l\u2019esfor\u00e7 i responsabilitat de la ciutadania, i tamb\u00e9 de les empreses, el que est\u00e0 permetent seguir avan\u00e7ant en el proc\u00e9s de desescalada i anar recuperant drets i llibertats que havien quedat en suspens. Tamb\u00e9 ha agra\u00eft l\u2019esfor\u00e7 que estan demostrant davant les noves dificultats sorgides per fer front a la conciliaci\u00f3 familiar i professional.<\/p>\n<p>Des de l\u2019inici de l\u2019estat d\u2019alarma, des del Consell Insular s\u2019han anat adoptant un seguit de mesures de xoc per tal de pal\u00b7liar els efectes m\u00e9s immediats d\u2019aquesta crisi sanit\u00e0ria i econ\u00f2mica i que contemplaven ajuts a comer\u00e7os i ind\u00fastries, acc\u00e9s a l\u2019habitatge a persones sense sostre, establiment de connexions wi-fi pels infants i joves que no podien seguir l\u2019activitat educativa, aportaci\u00f3 de b\u00e9ns de primera necessitat a les fam\u00edlies m\u00e9s vulnerables, aix\u00ed com tamb\u00e9 el refor\u00e7 dels nostres serveis socials, entre tantes d\u2019altres mesures.<\/p>\n<p>Ara, com ha anunciat Mora, &#8220;seguim fent passes endavant, i presentam, gr\u00e0cies a la coordinaci\u00f3 existent entre el Govern Balear i els ajuntaments, les primeres mesures d\u2019impuls per tal de donar resposta a les noves necessitats que planteja la reactivaci\u00f3 econ\u00f2mica\u201d. Aquestes mesures es concreten amb una l\u00ednia d\u2019ajuts adre\u00e7ada al sector econ\u00f2mic i una l\u00ednia d\u2019ajuts paral\u00b7lela adre\u00e7ada a la conciliaci\u00f3 laboral.<\/p>\n<p><b>Ajudes per aut\u00f2noms<\/b><\/p>\n<p>Des d\u2019un inici, des de Menorca, s\u2019ha tingut clar que ajudar als aut\u00f2noms de la nostra illa era imprescindible per tal de sortir tots junts de l\u2019actual crisi socioecon\u00f2mica.[\/vc_column_text][\/vc_column][vc_column width=&#8221;1\/2&#8243;][vc_column_text]En aquest sentit, en el pla de mesures de xoc del Consell Insular, i de la m\u00e0 dels ajuntaments de Menorca, es va treure una l\u00ednia d\u2019ajuts adre\u00e7ada en aquest col\u00b7lectiu per tal de pal\u00b7liar les conseq\u00fc\u00e8ncies patides pel tancament de la seva activitat donat l\u2019estat d\u2019alarma.<\/p>\n<p>Des del Consell Insular s\u2019ha treballat conjuntament amb el Govern Balear per tal de publicar una nova convocat\u00f2ria d\u2019ajudes destinades a seguir ajudant a aquest col\u00b7lectiu tant important per a la nostra societat i que seran compatibles amb les ajudes presentades durant la fase de xoc. En concret, el Govern Balear aportar\u00e0 644.000\u20ac per a Menorca i el Consell Insular aportar\u00e0 500.000\u20ac. Cada beneficiari podr\u00e0 rebre un m\u00e0xim que oscil\u00b7lar\u00e0 entre 2.000 i 3.000\u20ac.<\/p>\n<p><b>Activitat educativa<\/b><\/p>\n<p>L\u2019avan\u00e7 en el proc\u00e9s de desescalada ha presentat noves necessitats socials lligades a l\u2019\u00e0mbit educatiu que requereixen el suport de les administracions p\u00fabliques. En aquest sentit, avui s\u2019han presentat dues noves mesures que han de permetre tamb\u00e9 una millor conciliaci\u00f3 laboral i familiar.<\/p>\n<p>D\u2019una banda, s\u2019ha presentat una l\u00ednia d\u2019ajudes a les fam\u00edlies amb fills de 3 a 16 anys perqu\u00e8 puguin participar en les activitats de lleure educatiu, i de manera preferent en les escoles d\u2019estiu. Es tracta d\u2019una iniciativa conjunta amb el Govern Balear on el Consell Insular de Menorca posa a l\u2019abast de les fam\u00edlies de Menorca 100.000\u20ac, i el Govern de les Illes Balears 78.000\u20ac, que es transferiran al Consell a trav\u00e9s d\u2019un conveni. Aquests recursos econ\u00f2mics es transferiran a les fam\u00edlies en forma de beques.<\/p>\n<p>D\u2019altra banda, el Consell Insular aprovar\u00e0 un increment significatiu a les ajudes de suport ja existent a les escoletes de 0 a 3 anys, tant a les municipals com a les privades adscrites a la xarxa complement\u00e0ria. D\u2019aquesta manera, s\u2019ha optat per duplicar la partida destinada al sosteniment de la xarxa d\u2019escoles infantils de Menorca, passant dels 225.000\u20ac als 450.000\u20ac.<span class=\"Apple-converted-space\">\u00a0<\/span>[\/vc_column_text][\/vc_column][\/vc_row]\n<\/div>","protected":false},"excerpt":{"rendered":"<p>[vc_row el_class=&#8221;img_noticia&#8221;][vc_column][vc_single_image image=&#8221;25472&#8243; img_size=&#8221;full&#8221;][\/vc_column][\/vc_row][vc_row el_class=&#8221;intro&#8221;][vc_column][vc_column_text][\/vc_column_text][\/vc_column][\/vc_row][vc_row][vc_column width=&#8221;1\/2&#8243;][vc_column_text]La Presidenta del Consell Insular, Susana Mora, ha presentat el primer paquet d\u2019ajudes d\u2019impuls del Pla Menorca Covid-19 el qual ha de permetre seguir reactivar l\u2019economia de Menorca i mantenir una societat m\u00e9s cohesionada. Durant la compareixen\u00e7a, ha volgut agrair l\u2019esfor\u00e7 i responsabilitat de la ciutadania, i tamb\u00e9 de les&hellip;<\/p>\n","protected":false},"author":6,"featured_media":0,"comment_status":"open","ping_status":"open","sticky":false,"template":"","format":"standard","meta":{"footnotes":""},"categories":[2,1,92],"tags":[],"class_list":["post-25471","post","type-post","status-publish","format-standard","hentry","category-federacio-de-menorca","category-federacio-de-menorca-portada","category-portada"],"_links":{"self":[{"href":"https:\/\/www.psib-psoe.org\/menorca\/wp-json\/wp\/v2\/posts\/25471"}],"collection":[{"href":"https:\/\/www.psib-psoe.org\/menorca\/wp-json\/wp\/v2\/posts"}],"about":[{"href":"https:\/\/www.psib-psoe.org\/menorca\/wp-json\/wp\/v2\/types\/post"}],"author":[{"embeddable":true,"href":"https:\/\/www.psib-psoe.org\/menorca\/wp-json\/wp\/v2\/users\/6"}],"replies":[{"embeddable":true,"href":"https:\/\/www.psib-psoe.org\/menorca\/wp-json\/wp\/v2\/comments?post=25471"}],"version-history":[{"count":0,"href":"https:\/\/www.psib-psoe.org\/menorca\/wp-json\/wp\/v2\/posts\/25471\/revisions"}],"wp:attachment":[{"href":"https:\/\/www.psib-psoe.org\/menorca\/wp-json\/wp\/v2\/media?parent=25471"}],"wp:term":[{"taxonomy":"category","embeddable":true,"href":"https:\/\/www.psib-psoe.org\/menorca\/wp-json\/wp\/v2\/categories?post=25471"},{"taxonomy":"post_tag","embeddable":true,"href":"https:\/\/www.psib-psoe.org\/menorca\/wp-json\/wp\/v2\/tags?post=25471"}],"curies":[{"name":"wp","href":"https:\/\/api.w.org\/{rel}","templated":true}]}}