{"id":25480,"date":"2020-06-18T11:52:04","date_gmt":"2020-06-18T09:52:04","guid":{"rendered":"http:\/\/www.psib-psoe.org\/menorca\/?p=25480"},"modified":"2020-06-18T11:52:24","modified_gmt":"2020-06-18T09:52:24","slug":"joan-mascaro-impulsa-una-proposta-socialista-en-el-parlament-de-les-illes-balears-per-per-promoure-i-difondre-un-esport-lliure-dlgtbifobia-i-amb-plena-acceptacio-de-la-diversitat","status":"publish","type":"post","link":"https:\/\/www.psib-psoe.org\/menorca\/joan-mascaro-impulsa-una-proposta-socialista-en-el-parlament-de-les-illes-balears-per-per-promoure-i-difondre-un-esport-lliure-dlgtbifobia-i-amb-plena-acceptacio-de-la-diversitat\/","title":{"rendered":"Joan Mascar\u00f3 impulsa una proposta socialista en el Parlament de les Illes Balears per per promoure i difondre un esport lliure d\u2019LGTBIf\u00f2bia i amb plena acceptaci\u00f3 de la diversitat"},"content":{"rendered":"<div class=\"wpb-content-wrapper\">[vc_row el_class=&#8221;img_noticia&#8221;][vc_column][vc_single_image image=&#8221;25481&#8243; img_size=&#8221;full&#8221;][\/vc_column][\/vc_row][vc_row el_class=&#8221;intro&#8221;][vc_column][vc_column_text]<i><u><span lang=\"CA\">Joan Mascar\u00f3: \u201cEncara assistim a clars perjudicis al col\u00b7lectiu LGTBI a l\u2019esport, un fet que es veu agreujat a l\u2019esport d\u2019elit, on la falta de referents \u00e9s evident i alarmant, i on l\u2019orientaci\u00f3 sexual encara es troba dins l\u2019armari\u201d<\/span><\/u><\/i>[\/vc_column_text][\/vc_column][\/vc_row][vc_row][vc_column width=&#8221;1\/2&#8243;][vc_column_text]La proposta per un esport lliure d\u2019LGTBIf\u00f2bia, presentada pel Grup Parlamentari Socialista a la Comissi\u00f3 d\u2019Assumptes Socials, Drets Humans i Esports del Parlament de les Illes Balears, ha estat aprovada sense cap vot en contra.<\/p>\n<p>Es tracta d\u2019una Proposici\u00f3 No de Llei l\u2019objectiu de la qual \u00e9s promoure un esport \u201clliure de prejudicis i amb acceptaci\u00f3 de la diversitat\u201d, tal com ha exposat el diputat Joan Mascar\u00f3, impulsor de la iniciativa.<\/p>\n<p>El socialista ha defensat que el seu grup ent\u00e9n l\u2019esport \u201ccom a un mitj\u00e0 de creixement personal i social, no nom\u00e9s des de l\u2019\u00e0mbit de la salut, sin\u00f3 tamb\u00e9 com una eina d\u2019integraci\u00f3 i toler\u00e0ncia\u201d, valors que prenen especial rellev\u00e0ncia a l\u2019esport base.<\/p>\n<p>Mascar\u00f3 ha justificat la necessitat d\u2019iniciatives com aquesta en el fet que \u201cencara assistim a clars perjudicis al col\u00b7lectiu LGTBI en el m\u00f3n de l\u2019esport, una situaci\u00f3 que es veu agreujada a l\u2019esport d\u2019elit, on la falta de referents \u00e9s evident i alarmant i on l\u2019orientaci\u00f3 sexual encara es troba dins l\u2019armari\u201d.[\/vc_column_text][\/vc_column][vc_column width=&#8221;1\/2&#8243;][vc_column_text]A trav\u00e9s d\u2019aquesta Proposici\u00f3 No de Llei s\u2019insta el Govern de les Illes Balears i les institucions insulars i locals a \u201cposar a l\u2019abast de la ciutadania els recursos i les eines adequades per a una protecci\u00f3 efectiva enfront de qualsevol acte de viol\u00e8ncia, agressi\u00f3 o intimidaci\u00f3, f\u00edsica o moral, per motius de condici\u00f3 o orientaci\u00f3 sexual\u201d.<\/p>\n<p>Respecte d\u2019aix\u00f2, el diputat socialista ha recordat que si b\u00e9 \u201cs\u2019ha avan\u00e7at\u201d en termes d\u2019igualtat, especialment amb l\u2019aprovaci\u00f3 el 2016 de la llei LGTBI auton\u00f2mica, avui en dia encara es produeixin situacions en les quals \u201chem de recordar que la carta de drets fonamentals prohibeix tota discriminaci\u00f3 per raons d\u2019orientaci\u00f3 sexual\u201d.<\/p>\n<p>La iniciativa, que ha estat presentada conjuntament pels grups que donen suport al pacte de Govern, ha estat aprovada amb el vot a favor de tots els grups parlamentaris excepte de VOX, que s\u2019ha abstingut.[\/vc_column_text][\/vc_column][\/vc_row]\n<\/div>","protected":false},"excerpt":{"rendered":"<p>[vc_row el_class=&#8221;img_noticia&#8221;][vc_column][vc_single_image image=&#8221;25481&#8243; img_size=&#8221;full&#8221;][\/vc_column][\/vc_row][vc_row el_class=&#8221;intro&#8221;][vc_column][vc_column_text]Joan Mascar\u00f3: \u201cEncara assistim a clars perjudicis al col\u00b7lectiu LGTBI a l\u2019esport, un fet que es veu agreujat a l\u2019esport d\u2019elit, on la falta de referents \u00e9s evident i alarmant, i on l\u2019orientaci\u00f3 sexual encara es troba dins l\u2019armari\u201d[\/vc_column_text][\/vc_column][\/vc_row][vc_row][vc_column width=&#8221;1\/2&#8243;][vc_column_text]La proposta per un esport lliure d\u2019LGTBIf\u00f2bia, presentada pel Grup Parlamentari Socialista&hellip;<\/p>\n","protected":false},"author":6,"featured_media":0,"comment_status":"open","ping_status":"open","sticky":false,"template":"","format":"standard","meta":{"footnotes":""},"categories":[2,1,92],"tags":[],"class_list":["post-25480","post","type-post","status-publish","format-standard","hentry","category-federacio-de-menorca","category-federacio-de-menorca-portada","category-portada"],"_links":{"self":[{"href":"https:\/\/www.psib-psoe.org\/menorca\/wp-json\/wp\/v2\/posts\/25480"}],"collection":[{"href":"https:\/\/www.psib-psoe.org\/menorca\/wp-json\/wp\/v2\/posts"}],"about":[{"href":"https:\/\/www.psib-psoe.org\/menorca\/wp-json\/wp\/v2\/types\/post"}],"author":[{"embeddable":true,"href":"https:\/\/www.psib-psoe.org\/menorca\/wp-json\/wp\/v2\/users\/6"}],"replies":[{"embeddable":true,"href":"https:\/\/www.psib-psoe.org\/menorca\/wp-json\/wp\/v2\/comments?post=25480"}],"version-history":[{"count":0,"href":"https:\/\/www.psib-psoe.org\/menorca\/wp-json\/wp\/v2\/posts\/25480\/revisions"}],"wp:attachment":[{"href":"https:\/\/www.psib-psoe.org\/menorca\/wp-json\/wp\/v2\/media?parent=25480"}],"wp:term":[{"taxonomy":"category","embeddable":true,"href":"https:\/\/www.psib-psoe.org\/menorca\/wp-json\/wp\/v2\/categories?post=25480"},{"taxonomy":"post_tag","embeddable":true,"href":"https:\/\/www.psib-psoe.org\/menorca\/wp-json\/wp\/v2\/tags?post=25480"}],"curies":[{"name":"wp","href":"https:\/\/api.w.org\/{rel}","templated":true}]}}