{"id":25682,"date":"2020-08-04T12:59:20","date_gmt":"2020-08-04T10:59:20","guid":{"rendered":"http:\/\/www.psib-psoe.org\/menorca\/?p=25682"},"modified":"2020-08-04T12:59:20","modified_gmt":"2020-08-04T10:59:20","slug":"el-comite-insular-aposta-per-una-millor-proteccio-social-com-a-resposta-a-la-crisi-sanitaria-i-pel-reforc-del-model-socioeconomic-de-menorca","status":"publish","type":"post","link":"https:\/\/www.psib-psoe.org\/menorca\/el-comite-insular-aposta-per-una-millor-proteccio-social-com-a-resposta-a-la-crisi-sanitaria-i-pel-reforc-del-model-socioeconomic-de-menorca\/","title":{"rendered":"El Comit\u00e8 Insular aposta per una millor protecci\u00f3 social com a resposta a la crisi sanit\u00e0ria i pel refor\u00e7 del model socioecon\u00f2mic de Menorca"},"content":{"rendered":"<div class=\"wpb-content-wrapper\">[vc_row el_class=&#8221;img_noticia&#8221;][vc_column][vc_single_image image=&#8221;25683&#8243; img_size=&#8221;full&#8221;][\/vc_column][\/vc_row][vc_row el_class=&#8221;intro&#8221;][vc_column][vc_column_text]El PSOE Menorca celebra el seu Comit\u00e8 Insular per debatre q\u00fcestions d\u2019actualitat relacionades amb la situaci\u00f3 actual i aprova dues propostes de resoluci\u00f3 en aquest sentit<span class=\"Apple-converted-space\">\u00a0<\/span>[\/vc_column_text][\/vc_column][\/vc_row][vc_row][vc_column width=&#8221;1\/2&#8243;][vc_column_text]El Comit\u00e8 Insular del PSOE Menorca es va reunir ahir per debatre i analitzar algunes q\u00fcestions d\u2019especial import\u00e0ncia per a Menorca relaciones amb la situaci\u00f3 actual que estem vivint a causa de la pand\u00e8mia i per aprovar dues propostes de resoluci\u00f3 en aquest sentit.<span class=\"Apple-converted-space\">\u00a0<\/span><\/p>\n<p>Quant a la filosofia del text de la primera proposta de resoluci\u00f3 de caire social, defensada per la secret\u00e0ria de Pol\u00edtica Social, B\u00e0rbara Torrent, \u201ces basa en la reactivaci\u00f3 amb els valors de la protecci\u00f3 social amb l\u2019objectiu de no deixar ning\u00fa enrere\u201d. De fet, Torrent ha defensat que \u201cMenorca ha tingut una taxa de protecci\u00f3 social m\u00e9s alta que a altres illes\u201d, tot i que, com ha assegurat, \u201csegueix sent fonamental seguir refor\u00e7ant, ara m\u00e9s que mai, aquests serveis si volem arribar a tothom\u201d.[\/vc_column_text][\/vc_column][vc_column width=&#8221;1\/2&#8243;][vc_column_text]Pel que fa a la proposta de resoluci\u00f3 explicada des d\u2019una vessant econ\u00f2mica, Miquel Company, secretari de Coordinaci\u00f3 Local, ha posat de manifest que \u201ca partir del balan\u00e7 que es fa en el document de la pres\u00e8ncia que tenen els sectors m\u00e9s estrat\u00e8gics i econ\u00f2mics a Menorca, el que proposem \u00e9s seguir fent pol\u00edtiques amb els recursos que encara han d\u2019arribar a la nostra Illa d\u2019acord amb el que hem impulsat des de les institucions menorquines, tot amb l\u2019objectiu d\u2019iniciar un debat i una l\u00ednia de feina en aquest sentit.<span class=\"Apple-converted-space\">\u00a0<\/span><\/p>\n<p>Amb tot, el PSOE Menorca aposta per seguir fent feina tant a nivell institucional com org\u00e0nic per seguir explorant noves vies d\u2019actuaci\u00f3 que reforcin tota la feina feta fins ara i perqu\u00e8 la reactivaci\u00f3 socioecon\u00f2mica de Menorca, tan necess\u00e0ria per a la nostra economia, sigui una realitat per a tothom.<span class=\"Apple-converted-space\">\u00a0<\/span>[\/vc_column_text][\/vc_column][\/vc_row]\n<\/div>","protected":false},"excerpt":{"rendered":"<p>[vc_row el_class=&#8221;img_noticia&#8221;][vc_column][vc_single_image image=&#8221;25683&#8243; img_size=&#8221;full&#8221;][\/vc_column][\/vc_row][vc_row el_class=&#8221;intro&#8221;][vc_column][vc_column_text]El PSOE Menorca celebra el seu Comit\u00e8 Insular per debatre q\u00fcestions d\u2019actualitat relacionades amb la situaci\u00f3 actual i aprova dues propostes de resoluci\u00f3 en aquest sentit\u00a0[\/vc_column_text][\/vc_column][\/vc_row][vc_row][vc_column width=&#8221;1\/2&#8243;][vc_column_text]El Comit\u00e8 Insular del PSOE Menorca es va reunir ahir per debatre i analitzar algunes q\u00fcestions d\u2019especial import\u00e0ncia per a Menorca relaciones amb la situaci\u00f3&hellip;<\/p>\n","protected":false},"author":6,"featured_media":0,"comment_status":"open","ping_status":"open","sticky":false,"template":"","format":"standard","meta":{"footnotes":""},"categories":[89,2,1,92],"tags":[],"class_list":["post-25682","post","type-post","status-publish","format-standard","hentry","category-consell-de-menorca","category-federacio-de-menorca","category-federacio-de-menorca-portada","category-portada"],"_links":{"self":[{"href":"https:\/\/www.psib-psoe.org\/menorca\/wp-json\/wp\/v2\/posts\/25682"}],"collection":[{"href":"https:\/\/www.psib-psoe.org\/menorca\/wp-json\/wp\/v2\/posts"}],"about":[{"href":"https:\/\/www.psib-psoe.org\/menorca\/wp-json\/wp\/v2\/types\/post"}],"author":[{"embeddable":true,"href":"https:\/\/www.psib-psoe.org\/menorca\/wp-json\/wp\/v2\/users\/6"}],"replies":[{"embeddable":true,"href":"https:\/\/www.psib-psoe.org\/menorca\/wp-json\/wp\/v2\/comments?post=25682"}],"version-history":[{"count":0,"href":"https:\/\/www.psib-psoe.org\/menorca\/wp-json\/wp\/v2\/posts\/25682\/revisions"}],"wp:attachment":[{"href":"https:\/\/www.psib-psoe.org\/menorca\/wp-json\/wp\/v2\/media?parent=25682"}],"wp:term":[{"taxonomy":"category","embeddable":true,"href":"https:\/\/www.psib-psoe.org\/menorca\/wp-json\/wp\/v2\/categories?post=25682"},{"taxonomy":"post_tag","embeddable":true,"href":"https:\/\/www.psib-psoe.org\/menorca\/wp-json\/wp\/v2\/tags?post=25682"}],"curies":[{"name":"wp","href":"https:\/\/api.w.org\/{rel}","templated":true}]}}