{"id":25701,"date":"2020-08-09T10:27:24","date_gmt":"2020-08-09T08:27:24","guid":{"rendered":"http:\/\/www.psib-psoe.org\/menorca\/?p=25701"},"modified":"2020-08-19T10:29:20","modified_gmt":"2020-08-19T08:29:20","slug":"tribuna-del-conseller-miquel-company-cap-a-una-economia-verda-i-sostenible","status":"publish","type":"post","link":"https:\/\/www.psib-psoe.org\/menorca\/tribuna-del-conseller-miquel-company-cap-a-una-economia-verda-i-sostenible\/","title":{"rendered":"Tribuna del conseller Miquel Company: &#8220;cap a una economia verda i sostenible&#8221;"},"content":{"rendered":"<div class=\"wpb-content-wrapper\">[vc_row el_class=&#8221;img_noticia&#8221;][vc_column][vc_single_image image=&#8221;25130&#8243; img_size=&#8221;full&#8221;][\/vc_column][\/vc_row][vc_row el_class=&#8221;intro&#8221;][vc_column][vc_column_text][\/vc_column_text][\/vc_column][\/vc_row][vc_row][vc_column width=&#8221;1\/2&#8243;][vc_column_text]\n<div class=\"page\" title=\"Page 1\">\n<div class=\"section\">\n<div class=\"layoutArea\">\n<div class=\"column\">\n<p>La situaci\u00f3 actual que estem vivint, i que tantes persones i empreses estan patint, ha evidenciat, ara m\u00e9s que mai, el fet que s\u2019hagin de reformular molts aspectes de la nostra vida en particular, de la nostra societat en general i, en conseq\u00fc\u00e8ncia, de la nostra economia.<\/p>\n<p>\u00c9s cert que Menorca gaudeix, des de fa anys, d\u2019un model propi que defensa, per damunt de tot, l\u2019equilibri social, econ\u00f2mic i territorial com a trets distintius de la nostra terra i societat. Per\u00f2, ara, \u00e9s necessari repensar totes aquestes q\u00fcestions des d\u2019un altre punt de vista, no per canviar de rumb, sin\u00f3 per potenciar, precisament, all\u00f2 que ens fa diferents i \u00fanics en el m\u00f3n.<\/p>\n<p>L\u2019aposta per a la sostenibilitat va ser, en el seu moment, una aposta clara, decidida i valenta que va situar a Menorca a l\u2019avantguarda del m\u00f3n i que, en l\u2019actualitat, segueix sent pionera en aquest sentit. Per a\u00e7\u00f2, des de les institucions seguim apostant per fomentar l\u2019economia verda i per assolir els objectius marcats en el Pla Menorca 2030, entre ells, la implementaci\u00f3 de fonts d\u2019energies renovables i un major impuls a la mobilitat sostenible. Aquest \u00e9s el cam\u00ed si volem seguir consolidant la nostra Illa com a territori formatiu en l\u2019\u00e0mbit energ\u00e8tic i, alhora, com espai creador d\u2019empreses d\u2019aquest sector.<\/p>\n<p>Per altra banda, estudis afirmen que Menorca compta amb l\u2019economia m\u00e9s diversificada de les Illes Balears, amb un 80% del PIB dedicat al sector serveis, el 9,5% al sector industrial i el 3,5% al sector primari. Un 7%, aproximadament, treballa en el sector de la construcci\u00f3. Aquestes dades demostren que el principal repte que tenim, entre d\u2019altres, \u00e9s refor\u00e7ar aquells sectors que encara no tenen prou pes en la nostra economia, reduint, aix\u00ed, la depend\u00e8ncia en el sector serveis sense oblidar, per\u00f2, que \u00e9s el nostre principal motor econ\u00f2mic. Es tracta que, mentre treballem per seguir sent capdavanters en un turisme de qualitat i sostenible, siguem capa\u00e7os de crear valor en el sector industrial i primari.<\/p>\n<p>En aquest punt, l\u2019impuls al sector primari ha de ser clar i prioritari, apostant per un producte de qualitat amb major formaci\u00f3 i professionalitzaci\u00f3, creant sinergies entre productors, restauradors i empresaris tur\u00edstics, per tal de tancar el cercle d\u2019una producci\u00f3 que cada vegada est\u00e0 m\u00e9s valorada i que convertir-se en un n\u00ednxol de llocs de feina estables i no estacionals.<\/p>\n<\/div>\n<\/div>\n<\/div>\n<\/div>\n[\/vc_column_text][\/vc_column][vc_column width=&#8221;1\/2&#8243;][vc_column_text]\n<div class=\"page\" title=\"Page 1\">\n<div class=\"section\">\n<div class=\"layoutArea\">\n<div class=\"column\">\n<p>Tamb\u00e9 \u00e9s fonamental oferir els mecanismes i les eines necess\u00e0ries a la nostra ind\u00fastria tradicional, afavorint, d\u2019aquesta manera, una nova ind\u00fastria dels sectors verds i combatre, aix\u00ed, els handicaps de la insularitat, aportant valor, tecnologia i innovaci\u00f3 per fer-la encara m\u00e9s competitiva en un entorn de cada vegada m\u00e9s globalitzat.<\/p>\n<p>Malauradament, la pand\u00e8mia ha afectat molt greument el sector serveis i, per tant, a gran part de la nostra economia. De fet, les Illes Balears lideren les xifres d\u2019atur a Espanya pel fet que les mesures de confinament han suposat un mur a la reactivaci\u00f3 de l\u2019activitat tur\u00edstica. Davant d\u2019aquest escenari, es posa de relleu la import\u00e0ncia de redefinir l\u2019estrat\u00e8gia tur\u00edstica, apostant, per exemple, per l\u2019estrat\u00e8gia Smart island, vinculada a la modernitzaci\u00f3 d\u2019establiments i zones tur\u00edstiques. Per tant, com m\u00e9s s\u00f2lids siguin tots els sectors econ\u00f2mics de la nostra illa, m\u00e9s resilient ser\u00e0 la nostra economia i millor resistir\u00e0 a xocs externs com la pand\u00e8mia.<\/p>\n<p>Un altre repte que s\u2019ha posat de manifest arran d\u2019aquesta crisi, \u00e9s la necessitat de rellan\u00e7ar l\u2019estrat\u00e8gia de Menorca en mat\u00e8ria de digitalitzaci\u00f3 tot aprofitant les oportunitats que ens ha brindat la situaci\u00f3. En aquesta l\u00ednia, una de les apostes estrat\u00e8giques ha de ser contemplar la modalitat del teletreball amb vocaci\u00f3 de perman\u00e8ncia i amb legislaci\u00f3 pr\u00f2pia que reconegui els<\/p>\n<\/div>\n<\/div>\n<\/div>\n<\/div>\n<div class=\"page\" title=\"Page 2\">\n<div class=\"section\">\n<div class=\"layoutArea\">\n<div class=\"column\">\n<p>drets dels professionals de tots els sectors, aix\u00ed com fomentar la captaci\u00f3 i retenci\u00f3 de talent per enfortir una economia estable per a tot l\u2019any.<\/p>\n<p>A m\u00e9s, els estaments p\u00fablics han dirigit gran part dels seus esfor\u00e7os a pal\u00b7liar els efectes m\u00e9s negatius d\u2019aquesta crisi, posant en pr\u00e0ctica el mecanisme dels ERTOs, amb ajuts als aut\u00f2noms i a les empreses, aportant liquiditat i flexibilitzant les obligacions tribut\u00e0ries i fiscals. No obstant, som conscients que segurament no haguem pogut arribar a tothom i que aquests ajuts no han tingut tot l\u2019impacte que ens agradaria, per\u00f2 la feina feta per part dels governs i les institucions ha estat important i han seguit el cam\u00ed dels est\u00edmuls de l\u2019economia, la intervenci\u00f3 estatal i el refor\u00e7 de l\u2019Estat de Benestar.<\/p>\n<p>En definitiva, Menorca, les Illes Balears, Espanya i, fins i tot, Europa, han estat a l\u2019altura de la situaci\u00f3 demostrant, una vegada m\u00e9s, que els governs progressistes s\u00f3n capa\u00e7os de transformar la societat sense deixar ning\u00fa enrere i vetllar per una economia m\u00e9s justa i sostenible. Aquesta \u00e9s la Menorca de present i futur que volem, una Menorca compromesa amb el benestar i la protecci\u00f3 de tantes persones, treballadors, empreses i aut\u00f2noms que conformen, entre tots, un teixit social i empresarial fonamental per mantenir el nostre Estat de Benestar.<\/p>\n<\/div>\n<\/div>\n<\/div>\n<\/div>\n[\/vc_column_text][\/vc_column][\/vc_row]\n<\/div>","protected":false},"excerpt":{"rendered":"<p>[vc_row el_class=&#8221;img_noticia&#8221;][vc_column][vc_single_image image=&#8221;25130&#8243; img_size=&#8221;full&#8221;][\/vc_column][\/vc_row][vc_row el_class=&#8221;intro&#8221;][vc_column][vc_column_text][\/vc_column_text][\/vc_column][\/vc_row][vc_row][vc_column width=&#8221;1\/2&#8243;][vc_column_text] La situaci\u00f3 actual que estem vivint, i que tantes persones i empreses estan patint, ha evidenciat, ara m\u00e9s que mai, el fet que s\u2019hagin de reformular molts aspectes de la nostra vida en particular, de la nostra societat en general i, en conseq\u00fc\u00e8ncia, de la nostra economia. \u00c9s cert&hellip;<\/p>\n","protected":false},"author":6,"featured_media":0,"comment_status":"open","ping_status":"open","sticky":false,"template":"","format":"standard","meta":{"footnotes":""},"categories":[89,2,1,92],"tags":[],"class_list":["post-25701","post","type-post","status-publish","format-standard","hentry","category-consell-de-menorca","category-federacio-de-menorca","category-federacio-de-menorca-portada","category-portada"],"_links":{"self":[{"href":"https:\/\/www.psib-psoe.org\/menorca\/wp-json\/wp\/v2\/posts\/25701"}],"collection":[{"href":"https:\/\/www.psib-psoe.org\/menorca\/wp-json\/wp\/v2\/posts"}],"about":[{"href":"https:\/\/www.psib-psoe.org\/menorca\/wp-json\/wp\/v2\/types\/post"}],"author":[{"embeddable":true,"href":"https:\/\/www.psib-psoe.org\/menorca\/wp-json\/wp\/v2\/users\/6"}],"replies":[{"embeddable":true,"href":"https:\/\/www.psib-psoe.org\/menorca\/wp-json\/wp\/v2\/comments?post=25701"}],"version-history":[{"count":0,"href":"https:\/\/www.psib-psoe.org\/menorca\/wp-json\/wp\/v2\/posts\/25701\/revisions"}],"wp:attachment":[{"href":"https:\/\/www.psib-psoe.org\/menorca\/wp-json\/wp\/v2\/media?parent=25701"}],"wp:term":[{"taxonomy":"category","embeddable":true,"href":"https:\/\/www.psib-psoe.org\/menorca\/wp-json\/wp\/v2\/categories?post=25701"},{"taxonomy":"post_tag","embeddable":true,"href":"https:\/\/www.psib-psoe.org\/menorca\/wp-json\/wp\/v2\/tags?post=25701"}],"curies":[{"name":"wp","href":"https:\/\/api.w.org\/{rel}","templated":true}]}}