{"id":25719,"date":"2020-08-27T10:34:57","date_gmt":"2020-08-27T08:34:57","guid":{"rendered":"http:\/\/www.psib-psoe.org\/menorca\/?p=25719"},"modified":"2020-08-28T10:38:03","modified_gmt":"2020-08-28T08:38:03","slug":"el-departament-de-benestar-social-reforca-el-personal-dels-serveis-assistencials-per-oferir-una-major-atencio-als-collectius-mes-vulnerables","status":"publish","type":"post","link":"https:\/\/www.psib-psoe.org\/menorca\/el-departament-de-benestar-social-reforca-el-personal-dels-serveis-assistencials-per-oferir-una-major-atencio-als-collectius-mes-vulnerables\/","title":{"rendered":"El departament de Benestar Social refor\u00e7a el personal dels serveis assistencials per oferir una major atenci\u00f3 als col\u00b7lectius m\u00e9s vulnerables"},"content":{"rendered":"<div class=\"wpb-content-wrapper\">[vc_row el_class=&#8221;img_noticia&#8221;][vc_column][vc_single_image image=&#8221;25664&#8243; img_size=&#8221;full&#8221;][\/vc_column][\/vc_row][vc_row el_class=&#8221;intro&#8221;][vc_column][vc_column_text][\/vc_column_text][\/vc_column][\/vc_row][vc_row][vc_column width=&#8221;1\/2&#8243;][vc_column_text]L\u2019equip de govern del Consell Insular de Menorca, liderat per Susana Mora, \u00e9s conscient que, tot i haver superat la primera fase aguda de la pand\u00e8mia, s\u2019han de mantenir aquelles conductes que es van acreditar eficaces en la lluita contra la Covid-19. En aquest sentit, s\u2019ha posat especial \u00e8mfasi a tots aquells serveis que donen cobertura als col\u00b7lectius m\u00e9s vulnerables que depenen actualment del departament de Benestar Social, sota la direcci\u00f3 de B\u00e0rbara Torrent.<\/p>\n<p>Per aquest motiu, el passat mes de juliol es va aprovar el programa per a la contractaci\u00f3 de personal de refor\u00e7 als serveis del centre de Trepuc\u00f3, la resid\u00e8ncia de Gent Gran, la casa d\u2019Inf\u00e0ncia, i el centre de dia i resid\u00e8ncia de gent gran de Santa Rita.[\/vc_column_text][\/vc_column][vc_column width=&#8221;1\/2&#8243;][vc_column_text]Aquest programa s\u2019haur\u00e0 de mantenir fins que el Govern declari la finalitzaci\u00f3 de la situaci\u00f3 de crisi sanit\u00e0ria ocasionada per la Covid-19.<\/p>\n<p>L\u2019objectiu d\u2019aquest programa \u00e9s, a causa de l\u2019especial vulnerabilitat d\u2019aquests col\u00b7lectius, tenir el personal suficient per tal de poder garantir la dist\u00e0ncia m\u00ednima de seguretat. Cal recordar que, entre altres mesures, s\u2019han hagut d\u2019habilitar nous espais per al servei de menjador als centres, crear circuits d\u2019entrada i sortida, intensificar la neteja dels espais, o crear m\u00e9s grups per tal de poder mantenir activitats separades.[\/vc_column_text][\/vc_column][\/vc_row]\n<\/div>","protected":false},"excerpt":{"rendered":"<p>[vc_row el_class=&#8221;img_noticia&#8221;][vc_column][vc_single_image image=&#8221;25664&#8243; img_size=&#8221;full&#8221;][\/vc_column][\/vc_row][vc_row el_class=&#8221;intro&#8221;][vc_column][vc_column_text][\/vc_column_text][\/vc_column][\/vc_row][vc_row][vc_column width=&#8221;1\/2&#8243;][vc_column_text]L\u2019equip de govern del Consell Insular de Menorca, liderat per Susana Mora, \u00e9s conscient que, tot i haver superat la primera fase aguda de la pand\u00e8mia, s\u2019han de mantenir aquelles conductes que es van acreditar eficaces en la lluita contra la Covid-19. En aquest sentit, s\u2019ha posat especial \u00e8mfasi a&hellip;<\/p>\n","protected":false},"author":6,"featured_media":0,"comment_status":"open","ping_status":"open","sticky":false,"template":"","format":"standard","meta":{"footnotes":""},"categories":[89,2,1,92],"tags":[],"class_list":["post-25719","post","type-post","status-publish","format-standard","hentry","category-consell-de-menorca","category-federacio-de-menorca","category-federacio-de-menorca-portada","category-portada"],"_links":{"self":[{"href":"https:\/\/www.psib-psoe.org\/menorca\/wp-json\/wp\/v2\/posts\/25719"}],"collection":[{"href":"https:\/\/www.psib-psoe.org\/menorca\/wp-json\/wp\/v2\/posts"}],"about":[{"href":"https:\/\/www.psib-psoe.org\/menorca\/wp-json\/wp\/v2\/types\/post"}],"author":[{"embeddable":true,"href":"https:\/\/www.psib-psoe.org\/menorca\/wp-json\/wp\/v2\/users\/6"}],"replies":[{"embeddable":true,"href":"https:\/\/www.psib-psoe.org\/menorca\/wp-json\/wp\/v2\/comments?post=25719"}],"version-history":[{"count":0,"href":"https:\/\/www.psib-psoe.org\/menorca\/wp-json\/wp\/v2\/posts\/25719\/revisions"}],"wp:attachment":[{"href":"https:\/\/www.psib-psoe.org\/menorca\/wp-json\/wp\/v2\/media?parent=25719"}],"wp:term":[{"taxonomy":"category","embeddable":true,"href":"https:\/\/www.psib-psoe.org\/menorca\/wp-json\/wp\/v2\/categories?post=25719"},{"taxonomy":"post_tag","embeddable":true,"href":"https:\/\/www.psib-psoe.org\/menorca\/wp-json\/wp\/v2\/tags?post=25719"}],"curies":[{"name":"wp","href":"https:\/\/api.w.org\/{rel}","templated":true}]}}