{"id":25773,"date":"2020-10-29T13:43:52","date_gmt":"2020-10-29T11:43:52","guid":{"rendered":"http:\/\/www.psib-psoe.org\/menorca\/?p=25773"},"modified":"2020-10-29T13:43:52","modified_gmt":"2020-10-29T11:43:52","slug":"el-psoe-menorca-valora-positivament-lavantprojecte-dels-pge-i-el-qualifica-com-un-document-fonamental-amb-la-major-inversio-social-de-la-historia","status":"publish","type":"post","link":"https:\/\/www.psib-psoe.org\/menorca\/el-psoe-menorca-valora-positivament-lavantprojecte-dels-pge-i-el-qualifica-com-un-document-fonamental-amb-la-major-inversio-social-de-la-historia\/","title":{"rendered":"El PSOE Menorca valora positivament l\u2019avantprojecte dels PGE i el qualifica com un \u201cdocument fonamental amb la major inversi\u00f3 social de la hist\u00f2ria\u201d"},"content":{"rendered":"<div class=\"wpb-content-wrapper\">[vc_row el_class=&#8221;img_noticia&#8221;][vc_column][vc_single_image img_size=&#8221;full&#8221;][\/vc_column][\/vc_row][vc_row el_class=&#8221;intro&#8221;][vc_column][vc_column_text]Els socialistes menorquins defensen el comprom\u00eds del Govern de Pedro S\u00e1nchez amb les necessitats de la societat derivades de la pand\u00e8mia i amb la recuperaci\u00f3 socioecon\u00f2mica del pa\u00eds[\/vc_column_text][\/vc_column][\/vc_row][vc_row][vc_column width=&#8221;1\/2&#8243;][vc_column_text]Els socialistes de Menorca han fet una primera valoraci\u00f3 positiva de la proposta dels Pressupostos Generals de l\u2019Estat per al 2021 perqu\u00e8 \u201ces demostra el comprom\u00eds de l\u2019Executiu nacional amb les noves necessitats de la nostra ciutadania derivades de la pand\u00e8mia mundial de la Covid i amb la recuperaci\u00f3 socioecon\u00f2mica de la societat espanyola, balear i menorquina\u201d.<span class=\"Apple-converted-space\">\u00a0<\/span><\/p>\n<p>Aquest avantprojecte contempla \u201cla major inversi\u00f3 social de la hist\u00f2ria amb l\u2019objectiu de seguir enfortint l\u2019Estat de Benestar i els serveis p\u00fablics, augmentant les pensions, refor\u00e7ant l\u2019Ingr\u00e9s M\u00ednim Vital aix\u00ed com afavorir una recuperaci\u00f3 justa amb la qual ning\u00fa quedi enrere\u201d, demostrant, per tant, que \u201cs\u00f3n uns Pressupostos que estan a l\u2019altura del moment tan delicat que estem travessant\u201d.<span class=\"Apple-converted-space\">\u00a0<\/span><\/p>\n<p>En concret, es preveu un augment del 70,2% en educaci\u00f3, 151,4% en sanitat, 46% en atenci\u00f3 a la depend\u00e8ncia, 367,9% en habitatge o 60% en ci\u00e8ncia i innovaci\u00f3, dades que deixen pal\u00b7l\u00e8s que tenim uns governs socialistes compromesos amb la situaci\u00f3 actual de tantes persones, empreses i aut\u00f2noms i amb les demandes m\u00e9s urgents del territori en el seu conjunt.<span class=\"Apple-converted-space\">\u00a0<\/span>[\/vc_column_text][\/vc_column][vc_column width=&#8221;1\/2&#8243;][vc_column_text]A m\u00e9s, des del PSOE Menorca es vol recon\u00e8ixer que \u201cmentre el PP hagu\u00e9s optat pel cam\u00ed de l\u2019austeritat i les retallades en una situaci\u00f3 aix\u00ed, com ja ha fet en altres ocasions, el Partit Socialista ha seguit la direcci\u00f3 de seguir endavant, reduint les difer\u00e8ncies socials, garantint la cohesi\u00f3 social i lluitant per una major igualtat efectiva i real\u201d.<span class=\"Apple-converted-space\">\u00a0<\/span><\/p>\n<p>En definitiva, els socialistes de Menorca defensen la proposta progressista que va presentar Pedro S\u00e1nchez, tot i que ser\u00e0 necessari seguir fent feina perqu\u00e8 arribin m\u00e9s fons i inversions per seguir fent possible una acci\u00f3 pol\u00edtica conjunta entre administracions que sigui capa\u00e7 de fer front a una situaci\u00f3 econ\u00f2mica i social sense precedents en la nostra hist\u00f2ria.<span class=\"Apple-converted-space\">\u00a0<\/span>[\/vc_column_text][\/vc_column][\/vc_row]\n<\/div>","protected":false},"excerpt":{"rendered":"<p>[vc_row el_class=&#8221;img_noticia&#8221;][vc_column][vc_single_image img_size=&#8221;full&#8221;][\/vc_column][\/vc_row][vc_row el_class=&#8221;intro&#8221;][vc_column][vc_column_text]Els socialistes menorquins defensen el comprom\u00eds del Govern de Pedro S\u00e1nchez amb les necessitats de la societat derivades de la pand\u00e8mia i amb la recuperaci\u00f3 socioecon\u00f2mica del pa\u00eds[\/vc_column_text][\/vc_column][\/vc_row][vc_row][vc_column width=&#8221;1\/2&#8243;][vc_column_text]Els socialistes de Menorca han fet una primera valoraci\u00f3 positiva de la proposta dels Pressupostos Generals de l\u2019Estat per al 2021 perqu\u00e8 \u201ces demostra&hellip;<\/p>\n","protected":false},"author":6,"featured_media":0,"comment_status":"open","ping_status":"open","sticky":false,"template":"","format":"standard","meta":{"footnotes":""},"categories":[89,2,1,92],"tags":[],"class_list":["post-25773","post","type-post","status-publish","format-standard","hentry","category-consell-de-menorca","category-federacio-de-menorca","category-federacio-de-menorca-portada","category-portada"],"_links":{"self":[{"href":"https:\/\/www.psib-psoe.org\/menorca\/wp-json\/wp\/v2\/posts\/25773"}],"collection":[{"href":"https:\/\/www.psib-psoe.org\/menorca\/wp-json\/wp\/v2\/posts"}],"about":[{"href":"https:\/\/www.psib-psoe.org\/menorca\/wp-json\/wp\/v2\/types\/post"}],"author":[{"embeddable":true,"href":"https:\/\/www.psib-psoe.org\/menorca\/wp-json\/wp\/v2\/users\/6"}],"replies":[{"embeddable":true,"href":"https:\/\/www.psib-psoe.org\/menorca\/wp-json\/wp\/v2\/comments?post=25773"}],"version-history":[{"count":0,"href":"https:\/\/www.psib-psoe.org\/menorca\/wp-json\/wp\/v2\/posts\/25773\/revisions"}],"wp:attachment":[{"href":"https:\/\/www.psib-psoe.org\/menorca\/wp-json\/wp\/v2\/media?parent=25773"}],"wp:term":[{"taxonomy":"category","embeddable":true,"href":"https:\/\/www.psib-psoe.org\/menorca\/wp-json\/wp\/v2\/categories?post=25773"},{"taxonomy":"post_tag","embeddable":true,"href":"https:\/\/www.psib-psoe.org\/menorca\/wp-json\/wp\/v2\/tags?post=25773"}],"curies":[{"name":"wp","href":"https:\/\/api.w.org\/{rel}","templated":true}]}}