{"id":25790,"date":"2021-01-14T13:19:16","date_gmt":"2021-01-14T11:19:16","guid":{"rendered":"http:\/\/www.psib-psoe.org\/menorca\/?p=25790"},"modified":"2021-03-08T12:46:36","modified_gmt":"2021-03-08T10:46:36","slug":"parlem-dhabitatge-comparem-els-resultats","status":"publish","type":"post","link":"https:\/\/www.psib-psoe.org\/menorca\/parlem-dhabitatge-comparem-els-resultats\/","title":{"rendered":"Parlem d&#8217;habitatge: comparem els resultats"},"content":{"rendered":"<div class=\"wpb-content-wrapper\">[vc_row el_class=&#8221;img_noticia&#8221;][vc_column][vc_single_image img_size=&#8221;full&#8221;][\/vc_column][\/vc_row][vc_row el_class=&#8221;intro&#8221;][vc_column][vc_column_text][\/vc_column_text][\/vc_column][\/vc_row][vc_row][vc_column width=&#8221;1\/2&#8243;][vc_column_text]Els fets fan caure les cr\u00edtiques interessades del diputat Llu\u00eds Camps en mat\u00e8ria d\u2019Habitatge, perqu\u00e8 mai no s\u2019havia fet tant a la nostra comunitat com fins ara, i \u00e9s gr\u00e0cies al comprom\u00eds del Govern i de la resta d\u2019institucions per fer front al repte de l\u2019acc\u00e9s a l\u2019habitatge.<span class=\"Apple-converted-space\">\u00a0<\/span><\/p>\n<p>Els arguments del PP contrasten amb la seva nul\u00b7la gesti\u00f3, en tenir les responsabilitats de govern, quan era el senyor Biel Company conseller del ram i el senyor Camps, batle des Castell. El resultat de la seva legislatura va ser de ni una sola promoci\u00f3 d\u2019habitatge protegit, i fins i tot la reducci\u00f3 del s\u00f2l p\u00fablic per destinar-lo a habitatge. La seva prioritat no era, llavors, possibilitar un habitatge digne per a tothom, sin\u00f3 vendre terrenys perqu\u00e8 qualc\u00fa en pogu\u00e9s fer negoci. L\u2019argument \u00e0mpliament defensat pel PP que el lliure marcat, per si sol, resoldria el problema de l\u2019habitatge ens va dur, \u00fanicament, a incrementar les desigualtats.<\/p>\n<p>Com a batle des Castell, en vuit anys no va fer cap proposta ni va promoure cap iniciativa per possibilitar pol\u00edtiques d&#8217;habitatge p\u00fablic al seu municipi. Ha estat l\u2019actual equip de govern progressista que ha optat per cedir s\u00f2l i poder garantir la inversi\u00f3 del Govern per construir 40 habitatges de protecci\u00f3 oficial.<\/p>\n<p>S\u2019avalua el comprom\u00eds de cada un, senyor Camps, per les accions que duim a terme quan tenim la responsabilitat d\u2019actuar, no per les declaracions que feim, asseguts c\u00f2modament davant de l\u2019ordinador. I els fets s\u00f3n clars i prou diferents als que van resultar dels seus darrers quatre anys de govern: es va acabar el 2020 amb m\u00e9s 500 habitatges de protecci\u00f3 oficial en marxa o lliurats. Sumats als 500 m\u00e9s d\u2019enguany, s\u2019haur\u00e0 duplicat el parc d\u2019habitatge p\u00fablic existent. Amb nom\u00e9s dos anys s\u2019haur\u00e0 fet m\u00e9s de la meitat del que s\u2019havia fet a les Illes Balears, en quaranta anys. Aquesta \u00e9s una realitat que vost\u00e8 ignora deliberadament.<\/p>\n<p>A les promocions p\u00fabliques del 2020 se\u2019ls ha de sumar les promocions privades, ja que el Govern tamb\u00e9 treballa de la m\u00e0 del sector privat, amb la voluntat de sumar esfor\u00e7os. L\u2019any passat es va atorgar la qualificaci\u00f3 d\u2019habitatge protegit a 288 habitatges de particulars. S\u2019ha aconseguit gr\u00e0cies a Llei d\u2019Habitatge, la primera i \u00fanica llei en aquesta mat\u00e8ria a les nostres illes. Una llei pionera, que garanteix la qualificaci\u00f3 d\u2019habitatge protegit in aeternum. La difer\u00e8ncia de model \u00e9s clara, ja que l\u2019\u00fanic que s\u2019afavoria amb les seves pol\u00edtiques era permetre l\u2019especulaci\u00f3.<\/p>\n<p>La seva ficci\u00f3 xoca amb la nostra realitat, perqu\u00e8 aquest exercici, l\u2019IBAVI comptar\u00e0 amb el pressupost m\u00e9s gran de la seva hist\u00f2ria (m\u00e9s de 95 milions d\u2019euros) i es disposa de la major partida pressupost\u00e0ria destinada a ajudes per pagar lloguers.[\/vc_column_text][\/vc_column][vc_column width=&#8221;1\/2&#8243;][vc_column_text]En mat\u00e8ria d\u2019habitatge \u00e9s necessari destacar el suport a les fam\u00edlies per al pagament del lloguer, que s\u2019ha incrementat, any rere any, des del 2016. Basta recordar que durant 2015 aquestes ajudes eren \u00fanicament d\u20191,4 milions d\u2019euros, mentre que al 2020, el pressupost ha estat de 8,8 milions en la convocat\u00f2ria ordin\u00e0ria, i de 4,4, en l\u2019espec\u00edfica arran de la crisi ocasionada per la Covid. Per al 2021, a aquesta l\u00ednia es destinaran 9 milions d\u2019euros i tot apunta que s\u2019ampliar\u00e0 amb fons provinents del Pla Estatal d\u2019Habitatge.<\/p>\n<p>Finalment, recalcar que, des de la col\u00b7laboraci\u00f3 amb el Govern de l\u2019Estat, mitjan\u00e7ant fons europeus, les Illes Balears poden rebre fins a 33 milions d\u2019euros per a rehabilitaci\u00f3 d\u2019habitatge, a m\u00e9s d\u2019uns 4,5 milions per a habitatges de protecci\u00f3 p\u00fablica, en el marc del programa estatal per construir 20.000 habitatges nous al conjunt de l\u2019Estat.<\/p>\n<p>A la seva carta, el senyor Camps es demana qu\u00e8 ha passat des del mes de febrer, i sembla que no hagi viscut al mateix planeta que la resta de persones: la crisi m\u00e9s imprevista, rotunda i inesperada des de l\u2019inici de la democr\u00e0cia. I el Govern hi ha donat resposta posant per davant la ciutadania: amb una xifra sense precedents destina a ajudes directes als llogaters i un import r\u00e8cord per a la construcci\u00f3 d\u2019habitatge protegit i assequible.<\/p>\n<p>La Mesa de l\u2019Habitatge a la qual fa refer\u00e8ncia el senyor Camps es convoca amb una periodicitat m\u00ednima anual i en ella hi tenen representaci\u00f3 tots els actors pol\u00edtics, socials i econ\u00f2mics que tenen relaci\u00f3 amb l\u2019habitatge. \u00c9s un \u00f2rgan de debat i de participaci\u00f3, que va ser creat amb l\u2019objectiu de construir consensos amb total transpar\u00e8ncia. El darrer Govern del PP nom\u00e9s la va convocar dues vegades (les dues, l\u2019any 2012). Potser davant de la immobilitat absoluta de l\u2019executiu en aquest tema, per no haver de fer front a les queixes dels col\u00b7lectius.<\/p>\n<p>A la sessi\u00f3 de principis de 2020 es va explicar als participants les diferents iniciatives del Decret Llei 3\/2020, de 28 de febrer, de mesures urgents en mat\u00e8ria d\u2019habitatge, que inclou tota una s\u00e8rie d\u2019actuacions que tenen com a objecte, principalment, potenciar la construcci\u00f3 d\u2019habitatge de protecci\u00f3 oficial de gesti\u00f3 p\u00fablica. A les de 2012, les que convocava el PP, a la vista de les actes d\u2019aquestes reunions, no es va fer m\u00e9s que presentar informaci\u00f3 sobre activitats de divulgaci\u00f3 i un manual de mesures ambientals.<\/p>\n<p>Quina legitimitat t\u00e9, senyor Camps, per donar lli\u00e7ons de pol\u00edtica d\u2019habitatge quan vost\u00e8 i el president del seu partit en van ser responsables i no van fer absolutament res?[\/vc_column_text][\/vc_column][\/vc_row]\n<\/div>","protected":false},"excerpt":{"rendered":"<p>[vc_row el_class=&#8221;img_noticia&#8221;][vc_column][vc_single_image img_size=&#8221;full&#8221;][\/vc_column][\/vc_row][vc_row el_class=&#8221;intro&#8221;][vc_column][vc_column_text][\/vc_column_text][\/vc_column][\/vc_row][vc_row][vc_column width=&#8221;1\/2&#8243;][vc_column_text]Els fets fan caure les cr\u00edtiques interessades del diputat Llu\u00eds Camps en mat\u00e8ria d\u2019Habitatge, perqu\u00e8 mai no s\u2019havia fet tant a la nostra comunitat com fins ara, i \u00e9s gr\u00e0cies al comprom\u00eds del Govern i de la resta d\u2019institucions per fer front al repte de l\u2019acc\u00e9s a l\u2019habitatge.\u00a0 Els arguments del&hellip;<\/p>\n","protected":false},"author":6,"featured_media":0,"comment_status":"open","ping_status":"open","sticky":false,"template":"","format":"standard","meta":{"footnotes":""},"categories":[89,2,1,92],"tags":[],"class_list":["post-25790","post","type-post","status-publish","format-standard","hentry","category-consell-de-menorca","category-federacio-de-menorca","category-federacio-de-menorca-portada","category-portada"],"_links":{"self":[{"href":"https:\/\/www.psib-psoe.org\/menorca\/wp-json\/wp\/v2\/posts\/25790"}],"collection":[{"href":"https:\/\/www.psib-psoe.org\/menorca\/wp-json\/wp\/v2\/posts"}],"about":[{"href":"https:\/\/www.psib-psoe.org\/menorca\/wp-json\/wp\/v2\/types\/post"}],"author":[{"embeddable":true,"href":"https:\/\/www.psib-psoe.org\/menorca\/wp-json\/wp\/v2\/users\/6"}],"replies":[{"embeddable":true,"href":"https:\/\/www.psib-psoe.org\/menorca\/wp-json\/wp\/v2\/comments?post=25790"}],"version-history":[{"count":0,"href":"https:\/\/www.psib-psoe.org\/menorca\/wp-json\/wp\/v2\/posts\/25790\/revisions"}],"wp:attachment":[{"href":"https:\/\/www.psib-psoe.org\/menorca\/wp-json\/wp\/v2\/media?parent=25790"}],"wp:term":[{"taxonomy":"category","embeddable":true,"href":"https:\/\/www.psib-psoe.org\/menorca\/wp-json\/wp\/v2\/categories?post=25790"},{"taxonomy":"post_tag","embeddable":true,"href":"https:\/\/www.psib-psoe.org\/menorca\/wp-json\/wp\/v2\/tags?post=25790"}],"curies":[{"name":"wp","href":"https:\/\/api.w.org\/{rel}","templated":true}]}}