{"id":25792,"date":"2021-01-26T13:22:55","date_gmt":"2021-01-26T11:22:55","guid":{"rendered":"http:\/\/www.psib-psoe.org\/menorca\/?p=25792"},"modified":"2021-03-08T12:46:07","modified_gmt":"2021-03-08T10:46:07","slug":"seguim-parlant-dhabitatge","status":"publish","type":"post","link":"https:\/\/www.psib-psoe.org\/menorca\/seguim-parlant-dhabitatge\/","title":{"rendered":"Seguim parlant d&#8217;habitatge"},"content":{"rendered":"<div class=\"wpb-content-wrapper\">[vc_row el_class=&#8221;img_noticia&#8221;][vc_column][vc_single_image img_size=&#8221;full&#8221;][\/vc_column][\/vc_row][vc_row el_class=&#8221;intro&#8221;][vc_column][vc_column_text][\/vc_column_text][\/vc_column][\/vc_row][vc_row][vc_column width=&#8221;1\/2&#8243;][vc_column_text]Les pol\u00edtiques p\u00fabliques d\u2019habitatge s\u00f3n necess\u00e0ries per revertir una situaci\u00f3 del mercat immobiliari que deixa sense possibilitat d\u2019acc\u00e9s a moltes persones. Per aquest motiu s\u2019ha de treballar amb mesures legislatives integrals, que comptin amb la participaci\u00f3 de tots els agents implicats, i en la direcci\u00f3 d\u2019augmentar el parc d\u2019habitatge protegit, tant p\u00fablic com privat, tant de lloguer com de compra-venda. Aix\u00ed \u00e9s com des del PSOE hem assumit el nostre comprom\u00eds des de les institucions on tenim i hem tingut responsabilitats de govern.<\/p>\n<p>La crisi social i econ\u00f2mica derivada de la Covid-19 torna a posar l\u2019accent i la preocupaci\u00f3 en els problemes d\u2019acc\u00e9s a l\u2019habitatge, perqu\u00e8 aquest \u00e9s i ha de ser un dret fonamental. Tothom recorda el que va passar fa deu anys, quan es va deixar enrere molta gent, fruit de desnonaments que no van fer altra cosa que empitjorar la vulnerabilitat de tantes i tantes fam\u00edlies.<\/p>\n<p>El Govern fa temps que actua, amb pol\u00edtiques d\u2019habitatge que necessiten temps per dur-se a terme, per\u00f2 que malgrat tot ja estan donant resultats, amb projectes de construcci\u00f3 d\u2019habitatge p\u00fablic (500 en marxa arreu de les Illes Balears) i amb la previsi\u00f3 d\u2019iniciar-ne 500 m\u00e9s, ben properament. A m\u00e9s, s\u2019incrementa el suport a les fam\u00edlies per fer front al pagament del lloguer, amb ajudes que arriben fins al 40% del preu mensual, per un termini m\u00e0xim d\u2019un any.<\/p>\n<p>En tot aquest temps, el PP ha estat incapa\u00e7 de fer cap proposta innovadora, efectiva i ambiciosa per incrementar el parc p\u00fablic d\u2019habitatge o davallar els preus de lloguers.[\/vc_column_text][\/vc_column][vc_column width=&#8221;1\/2&#8243;][vc_column_text]La Llei d\u2019Habitatge aprovada la passada legislatura, la primera llei en mat\u00e8ria d\u2019habitatge en la hist\u00f2ria de les Illes Balears, ha introdu\u00eft mesures pioneres, com la mobilitzaci\u00f3 d\u2019habitatges buits de grans tenidors o la protecci\u00f3 per vida dels nous habitatges protegits. I el decret de mesures urgents en mat\u00e8ria d\u2019habitatge, que dona continu\u00eftat a la Llei. Dues normatives a les quals el PP no els va donar suport, negant-se a prohibir cap desnonament sense alternativa, negant-se a augmentar les sancions als grans tenidors que no cedeixen els habitatges buits, negant-se a augmentar el parc p\u00fablic d\u2019habitatge, negant-se tamb\u00e9 a qu\u00e8 el Govern es converteixi en comprador prioritari dels immobles procedents d\u2019execuci\u00f3 hipotec\u00e0ria.<\/p>\n<p>Cal recordar la poca fe posada en mat\u00e8ria d\u2019habitatge en \u00e8poques en qu\u00e8 governava el PP. Poden dir que llavors no tenien els fons que ara s\u2019han mobilitzat per construir habitatge protegit, per\u00f2 s\u00f3n els fets el que compten: dels seus anys de Govern no en va sortir una sola parcel\u00b7la preparada per comen\u00e7ar les obres, ni cap projecte redactat per poder treure a licitaci\u00f3. Tot el contrari, el que es va fer va ser vendre terrenys on s\u2019hi havia de construir pisos de protecci\u00f3 oficial.<\/p>\n<p>A m\u00e9s, tamb\u00e9 vam veure com van tancar l\u2019oficina de l\u2019IBAVI a Menorca, igual com les d\u2019Eivissa i Formentera. Sense aquest servei de suport, els<span class=\"Apple-converted-space\">\u00a0 <\/span>ciutadans i ciutadanes s\u2019havien de despla\u00e7ar a Mallorca, o dirigir-se a un tel\u00e8fon d\u2019atenci\u00f3, si volien fer cap gesti\u00f3 o rebre informaci\u00f3.<\/p>\n<p>De tot a\u00e7\u00f2, els diputats del PP que ara volen donar lli\u00e7ons llavors no van dir res. \u00c9s m\u00e9s, molts tenien responsabilitats executives al Govern o en ajuntaments, des d\u2019on es podria haver demostrat un m\u00ednim d\u2019inter\u00e8s per fer front, d\u2019una manera o altra, a aquesta problem\u00e0tica. En canvi, la seva resposta va ser nul\u00b7la.[\/vc_column_text][\/vc_column][\/vc_row]\n<\/div>","protected":false},"excerpt":{"rendered":"<p>[vc_row el_class=&#8221;img_noticia&#8221;][vc_column][vc_single_image img_size=&#8221;full&#8221;][\/vc_column][\/vc_row][vc_row el_class=&#8221;intro&#8221;][vc_column][vc_column_text][\/vc_column_text][\/vc_column][\/vc_row][vc_row][vc_column width=&#8221;1\/2&#8243;][vc_column_text]Les pol\u00edtiques p\u00fabliques d\u2019habitatge s\u00f3n necess\u00e0ries per revertir una situaci\u00f3 del mercat immobiliari que deixa sense possibilitat d\u2019acc\u00e9s a moltes persones. Per aquest motiu s\u2019ha de treballar amb mesures legislatives integrals, que comptin amb la participaci\u00f3 de tots els agents implicats, i en la direcci\u00f3 d\u2019augmentar el parc d\u2019habitatge protegit, tant&hellip;<\/p>\n","protected":false},"author":6,"featured_media":0,"comment_status":"open","ping_status":"open","sticky":false,"template":"","format":"standard","meta":{"footnotes":""},"categories":[89,2,1,92],"tags":[],"class_list":["post-25792","post","type-post","status-publish","format-standard","hentry","category-consell-de-menorca","category-federacio-de-menorca","category-federacio-de-menorca-portada","category-portada"],"_links":{"self":[{"href":"https:\/\/www.psib-psoe.org\/menorca\/wp-json\/wp\/v2\/posts\/25792"}],"collection":[{"href":"https:\/\/www.psib-psoe.org\/menorca\/wp-json\/wp\/v2\/posts"}],"about":[{"href":"https:\/\/www.psib-psoe.org\/menorca\/wp-json\/wp\/v2\/types\/post"}],"author":[{"embeddable":true,"href":"https:\/\/www.psib-psoe.org\/menorca\/wp-json\/wp\/v2\/users\/6"}],"replies":[{"embeddable":true,"href":"https:\/\/www.psib-psoe.org\/menorca\/wp-json\/wp\/v2\/comments?post=25792"}],"version-history":[{"count":0,"href":"https:\/\/www.psib-psoe.org\/menorca\/wp-json\/wp\/v2\/posts\/25792\/revisions"}],"wp:attachment":[{"href":"https:\/\/www.psib-psoe.org\/menorca\/wp-json\/wp\/v2\/media?parent=25792"}],"wp:term":[{"taxonomy":"category","embeddable":true,"href":"https:\/\/www.psib-psoe.org\/menorca\/wp-json\/wp\/v2\/categories?post=25792"},{"taxonomy":"post_tag","embeddable":true,"href":"https:\/\/www.psib-psoe.org\/menorca\/wp-json\/wp\/v2\/tags?post=25792"}],"curies":[{"name":"wp","href":"https:\/\/api.w.org\/{rel}","templated":true}]}}