{"id":25858,"date":"2021-02-16T12:51:28","date_gmt":"2021-02-16T10:51:28","guid":{"rendered":"http:\/\/www.psib-psoe.org\/menorca\/?p=25858"},"modified":"2021-02-16T13:17:29","modified_gmt":"2021-02-16T11:17:29","slug":"noemi-gomila-sincorpora-a-lequip-socialista-del-consell-insular-com-a-consellera-de-serveis-generals","status":"publish","type":"post","link":"https:\/\/www.psib-psoe.org\/menorca\/noemi-gomila-sincorpora-a-lequip-socialista-del-consell-insular-com-a-consellera-de-serveis-generals\/","title":{"rendered":"Noem\u00ed Gomila s&#8217;incorpora a l&#8217;equip socialista del Consell Insular com a consellera de Serveis Generals"},"content":{"rendered":"<div class=\"wpb-content-wrapper\">[vc_row el_class=&#8221;img_noticia&#8221;][vc_column][vc_single_image image=&#8221;25863&#8243; img_size=&#8221;full&#8221;][\/vc_column][\/vc_row][vc_row el_class=&#8221;intro&#8221;][vc_column][vc_column_text][\/vc_column_text][\/vc_column][\/vc_row][vc_row][vc_column width=&#8221;1\/2&#8243;][vc_column_text]Despr\u00e9s de la incorporaci\u00f3 de Miquel Company al Govern de les Illes Balears com a nou conseller de Fons Europeus, Universitat i Cultura, la companya socialista Noem\u00ed Gomila ser\u00e0 la nova consellera de Serveis Generals del Consell Insular i, per la seva part, Josep Pastrana passar\u00e0 a assumir les compet\u00e8ncies que gestionava fins ara Company: Economia i Territori.[\/vc_column_text][\/vc_column][vc_column width=&#8221;1\/2&#8243;][vc_column_text]En aquest sentit, el PSOE Menorca celebra que, per una part, el recent nomenament de Miquel Company a l&#8217;executiu balear reforci la pres\u00e8ncia socialista menorquina a les institucions p\u00fabliques i, per l&#8217;altra, la incorporaci\u00f3 de Noem\u00ed Gomila tamb\u00e9 ajudi consolidar un equip s\u00f2lid i preparat per seguir fent feina en la defensa del benestar de tots els menorquins i menorquines.[\/vc_column_text][\/vc_column][\/vc_row]\n<\/div>","protected":false},"excerpt":{"rendered":"<p>[vc_row el_class=&#8221;img_noticia&#8221;][vc_column][vc_single_image image=&#8221;25863&#8243; img_size=&#8221;full&#8221;][\/vc_column][\/vc_row][vc_row el_class=&#8221;intro&#8221;][vc_column][vc_column_text][\/vc_column_text][\/vc_column][\/vc_row][vc_row][vc_column width=&#8221;1\/2&#8243;][vc_column_text]Despr\u00e9s de la incorporaci\u00f3 de Miquel Company al Govern de les Illes Balears com a nou conseller de Fons Europeus, Universitat i Cultura, la companya socialista Noem\u00ed Gomila ser\u00e0 la nova consellera de Serveis Generals del Consell Insular i, per la seva part, Josep Pastrana passar\u00e0 a assumir les compet\u00e8ncies&hellip;<\/p>\n","protected":false},"author":6,"featured_media":0,"comment_status":"open","ping_status":"open","sticky":false,"template":"","format":"standard","meta":{"footnotes":""},"categories":[89,2,1,92],"tags":[],"class_list":["post-25858","post","type-post","status-publish","format-standard","hentry","category-consell-de-menorca","category-federacio-de-menorca","category-federacio-de-menorca-portada","category-portada"],"_links":{"self":[{"href":"https:\/\/www.psib-psoe.org\/menorca\/wp-json\/wp\/v2\/posts\/25858"}],"collection":[{"href":"https:\/\/www.psib-psoe.org\/menorca\/wp-json\/wp\/v2\/posts"}],"about":[{"href":"https:\/\/www.psib-psoe.org\/menorca\/wp-json\/wp\/v2\/types\/post"}],"author":[{"embeddable":true,"href":"https:\/\/www.psib-psoe.org\/menorca\/wp-json\/wp\/v2\/users\/6"}],"replies":[{"embeddable":true,"href":"https:\/\/www.psib-psoe.org\/menorca\/wp-json\/wp\/v2\/comments?post=25858"}],"version-history":[{"count":0,"href":"https:\/\/www.psib-psoe.org\/menorca\/wp-json\/wp\/v2\/posts\/25858\/revisions"}],"wp:attachment":[{"href":"https:\/\/www.psib-psoe.org\/menorca\/wp-json\/wp\/v2\/media?parent=25858"}],"wp:term":[{"taxonomy":"category","embeddable":true,"href":"https:\/\/www.psib-psoe.org\/menorca\/wp-json\/wp\/v2\/categories?post=25858"},{"taxonomy":"post_tag","embeddable":true,"href":"https:\/\/www.psib-psoe.org\/menorca\/wp-json\/wp\/v2\/tags?post=25858"}],"curies":[{"name":"wp","href":"https:\/\/api.w.org\/{rel}","templated":true}]}}