{"id":25889,"date":"2021-03-22T15:38:05","date_gmt":"2021-03-22T13:38:05","guid":{"rendered":"http:\/\/www.psib-psoe.org\/menorca\/?p=25889"},"modified":"2021-03-22T15:38:05","modified_gmt":"2021-03-22T13:38:05","slug":"susana-mora-les-persones-han-estat-i-son-leix-transversal-de-les-nostres-politiques-especialment-durant-aquest-any-de-pandemia","status":"publish","type":"post","link":"https:\/\/www.psib-psoe.org\/menorca\/susana-mora-les-persones-han-estat-i-son-leix-transversal-de-les-nostres-politiques-especialment-durant-aquest-any-de-pandemia\/","title":{"rendered":"Susana Mora: \u201cles persones han estat i s\u00f3n l\u2019eix transversal de les nostres pol\u00edtiques, especialment durant aquest any de pand\u00e8mia\u201d"},"content":{"rendered":"<div class=\"wpb-content-wrapper\">[vc_row el_class=&#8221;img_noticia&#8221;][vc_column][vc_single_image image=&#8221;25890&#8243; img_size=&#8221;full&#8221;][\/vc_column][\/vc_row][vc_row el_class=&#8221;intro&#8221;][vc_column][vc_column_text]La presidenta del Consell Insular, Susana Mora, ha fet balan\u00e7 de l\u2019actual situaci\u00f3 en el debat de Pol\u00edtica General prioritzant l\u2019arribada dels Fons Europeus, els quals han de possibilitar una economia encara m\u00e9s forta i diversificada[\/vc_column_text][\/vc_column][\/vc_row][vc_row][vc_column width=&#8221;1\/2&#8243;][vc_column_text]El PSOE Menorca destaca l\u2019oportunitat que suposa el debat de Pol\u00edtica General amb l\u2019objectiu com\u00fa de sortir juntes i junts a frenar la pand\u00e8mia, a fer feina per les necessitats dels menorquins i menorquines, accelerar el proc\u00e9s de vacunaci\u00f3 a Menorca i afavorir una recuperaci\u00f3 justa que no deixi ning\u00fa enrere. La presidenta del Consell Insular, Susana Mora, ha fet, en aquest sentit, un balan\u00e7 de la gesti\u00f3 pol\u00edtica d\u2019aquest \u00faltim any marcat per la Covid 19.<span class=\"Apple-converted-space\">\u00a0<\/span><\/p>\n<p>Els i les socialistes defensen que \u201cel Consell Insular, amb coordinaci\u00f3 amb la resta d\u2019administracions, ha hagut de prendre mesures complicades per\u00f2 que s\u2019han demostrat efectives i que han suposat, alhora, un exemple per a altres territoris\u201d. En aquest sentit, Mora, ha explica que \u201cles mesures que hem pres han estat i s\u00f3n necess\u00e0ries, sempre cercant el benefici de la nostra economia i, sobretot, de la salut de totes i tots\u201d.<span class=\"Apple-converted-space\">\u00a0<\/span><\/p>\n<p>\u201cLes persones han estat l\u2019eix transversal de totes les nostres pol\u00edtiques per millorar la qualitat de vida i el benestar de la nostra societat, una societat que la volem m\u00e9s feminista, cohesionada, inclusiva, amb igualtat de tracte i respectuosa amb la diversitat social\u201d. Per a\u00e7\u00f2, \u201chem comptat amb m\u00e9s recursos que mai, arribant a tenir un dels pressupostos m\u00e9s socials de la hist\u00f2ria de la instituci\u00f3 per fer, precisament, front a aquesta situaci\u00f3\u201d, ha manifestat la presidenta.<\/p>\n<p>Per exemple, \u201chem refor\u00e7at l\u2019atenci\u00f3 a domicili a les persones majors, hem posat en marxa el servei de teleassist\u00e8ncia avan\u00e7ada, hem refor\u00e7at els ajuts d\u2019emerg\u00e8ncia social gestionats pels ajuntaments i hem impulsat, entre d\u2019altres, el programa d\u2019ajut alimentari per tal d\u2019arribar a totes aquelles fam\u00edlies que es troben en situaci\u00f3 de vulnerabilitat\u201d.[\/vc_column_text][\/vc_column][vc_column width=&#8221;1\/2&#8243;][vc_column_text]L\u2019Ingr\u00e9s M\u00ednim Vital ha suposat, a m\u00e9s, una fita hist\u00f2rica en la protecci\u00f3 social del nostre pa\u00eds de la mateixa manera que la renda social garantida.<\/p>\n<p>Per altra banda, les pol\u00edtiques econ\u00f2miques, per als i les socialistes, han estat i segueixen sent priorit\u00e0ries i estrat\u00e8giques perqu\u00e8 donen resposta a les necessitats sorgides i dissenyen el cam\u00ed de reactivaci\u00f3 en l\u2019era post-pand\u00e8mia. En aquest sentit, a m\u00e9s d\u2019enfortir tots els sectors econ\u00f2mics, \u201chem creat un Pla de Xoc per ajudar, precisament, als sectors m\u00e9s afectats i el Pla Menorca Covid 19 amb un fons de prop de 30 milions d\u2019euros\u201d.<span class=\"Apple-converted-space\">\u00a0<\/span><\/p>\n<p>A m\u00e9s, la presidenta ha refor\u00e7at la idea que \u201cels Fons Europeus han de possibilitar una economia encara m\u00e9s forta i diversificada i han de suposar, alhora, una oportunitat per al refor\u00e7 del nostre estat de benestar i el desenvolupament sostenible, d\u2019acord amb els nostres principis de la Reserva de Biosfera com la nostra aposta ferma per la transici\u00f3 energ\u00e8tica a trav\u00e9s de la nova Llei de Reserva de Biosfera o del nou servei de recollida porta a porta, l\u2019economia local i el benestar social\u201d.<span class=\"Apple-converted-space\">\u00a0<\/span><\/p>\n<p>Uns fons que han d\u2019ajudar, per exemple, a implementar el Servei d\u2019Atenci\u00f3 Domicili\u00e0ria d\u2019alta intensitat per aconseguir una atenci\u00f3 personalitzada, a impulsar l\u2019accessibilitat i modernitzaci\u00f3 de les zones tur\u00edstiques i a desplegar el Pla d\u2019Agenda Urbana de Menorca aix\u00ed com aquelles accions previstes en l\u2019Estrat\u00e8gia energ\u00e8tica Menorca 2030. No obstant, per complir totes aquestes fites i consolidar el nostre full de ruta per a Menorca, \u201c\u00e9s fonamental el ferm comprom\u00eds de tota la societat i m\u00e0xima coordinaci\u00f3 amb totes les administracions implicades\u201d.[\/vc_column_text][\/vc_column][\/vc_row]\n<\/div>","protected":false},"excerpt":{"rendered":"<p>[vc_row el_class=&#8221;img_noticia&#8221;][vc_column][vc_single_image image=&#8221;25890&#8243; img_size=&#8221;full&#8221;][\/vc_column][\/vc_row][vc_row el_class=&#8221;intro&#8221;][vc_column][vc_column_text]La presidenta del Consell Insular, Susana Mora, ha fet balan\u00e7 de l\u2019actual situaci\u00f3 en el debat de Pol\u00edtica General prioritzant l\u2019arribada dels Fons Europeus, els quals han de possibilitar una economia encara m\u00e9s forta i diversificada[\/vc_column_text][\/vc_column][\/vc_row][vc_row][vc_column width=&#8221;1\/2&#8243;][vc_column_text]El PSOE Menorca destaca l\u2019oportunitat que suposa el debat de Pol\u00edtica General amb l\u2019objectiu com\u00fa&hellip;<\/p>\n","protected":false},"author":6,"featured_media":0,"comment_status":"open","ping_status":"open","sticky":false,"template":"","format":"standard","meta":{"footnotes":""},"categories":[89,2,1,92],"tags":[],"class_list":["post-25889","post","type-post","status-publish","format-standard","hentry","category-consell-de-menorca","category-federacio-de-menorca","category-federacio-de-menorca-portada","category-portada"],"_links":{"self":[{"href":"https:\/\/www.psib-psoe.org\/menorca\/wp-json\/wp\/v2\/posts\/25889"}],"collection":[{"href":"https:\/\/www.psib-psoe.org\/menorca\/wp-json\/wp\/v2\/posts"}],"about":[{"href":"https:\/\/www.psib-psoe.org\/menorca\/wp-json\/wp\/v2\/types\/post"}],"author":[{"embeddable":true,"href":"https:\/\/www.psib-psoe.org\/menorca\/wp-json\/wp\/v2\/users\/6"}],"replies":[{"embeddable":true,"href":"https:\/\/www.psib-psoe.org\/menorca\/wp-json\/wp\/v2\/comments?post=25889"}],"version-history":[{"count":0,"href":"https:\/\/www.psib-psoe.org\/menorca\/wp-json\/wp\/v2\/posts\/25889\/revisions"}],"wp:attachment":[{"href":"https:\/\/www.psib-psoe.org\/menorca\/wp-json\/wp\/v2\/media?parent=25889"}],"wp:term":[{"taxonomy":"category","embeddable":true,"href":"https:\/\/www.psib-psoe.org\/menorca\/wp-json\/wp\/v2\/categories?post=25889"},{"taxonomy":"post_tag","embeddable":true,"href":"https:\/\/www.psib-psoe.org\/menorca\/wp-json\/wp\/v2\/tags?post=25889"}],"curies":[{"name":"wp","href":"https:\/\/api.w.org\/{rel}","templated":true}]}}