{"id":25962,"date":"2021-08-12T10:52:30","date_gmt":"2021-08-12T08:52:30","guid":{"rendered":"http:\/\/www.psib-psoe.org\/menorca\/?p=25962"},"modified":"2021-08-25T10:27:37","modified_gmt":"2021-08-25T08:27:37","slug":"noemi-camps-larxivament-provisionalment-del-cas-de-lescorxador-municipal-demostra-que-el-psoe-lha-gestionat-de-forma-transparent","status":"publish","type":"post","link":"https:\/\/www.psib-psoe.org\/menorca\/noemi-camps-larxivament-provisionalment-del-cas-de-lescorxador-municipal-demostra-que-el-psoe-lha-gestionat-de-forma-transparent\/","title":{"rendered":"Noem\u00ed Camps: &#8220;L&#8217;arxivament provisional del cas de l&#8217;escorxador municipal demostra que el PSOE l&#8217;ha gestionat de forma transparent&#8221;"},"content":{"rendered":"<div class=\"wpb-content-wrapper\">[vc_row el_class=&#8221;img_noticia&#8221;][vc_column][vc_single_image image=&#8221;25963&#8243; img_size=&#8221;full&#8221;][\/vc_column][\/vc_row][vc_row el_class=&#8221;intro&#8221;][vc_column][vc_column_text]Noem\u00ed Camps ha fet un rep\u00e0s dels dos primers anys de mandat i defensa la gesti\u00f3 transparent del PSOE en el cas de l&#8217;escorxador municipal<span class=\"Apple-converted-space\">\u00a0<\/span>[\/vc_column_text][\/vc_column][\/vc_row][vc_row][vc_column width=&#8221;1\/2&#8243;][vc_column_text]En una entrevista gravada de forma exclusiva per al canal audiovisual PSOE Menorca TV, la Secret\u00e0ria General del PSOE Ciutadella, Noem\u00ed Camps, fa una an\u00e0lisi de les pol\u00edtiques que s&#8217;han posat en marxa des de l&#8217;ajuntament durant els primers anys de mandat, reconeixent, per\u00f2, que &#8220;la irrupci\u00f3 de la pand\u00e8mia ens ha fet canviar a tots les prioritats&#8221;.<span class=\"Apple-converted-space\">\u00a0<\/span><\/p>\n<p>No obstant aix\u00f2, &#8220;al llarg d&#8217;aquests dos primers anys, hem pogut fer realitat o iniciar alguns projectes fonamentals per a la ciutadania i el municipi, com la millora de les urbanitzacions, avan\u00e7ar en l&#8217;amplicaci\u00f3 dels espais del geri\u00e0tric municipal o iniciar els tr\u00e0mits per a l&#8217;escola de m\u00fasica, entre d&#8217;altres&#8221;.<span class=\"Apple-converted-space\">\u00a0<\/span><\/p>\n<p>De tot aix\u00f2, Camps ha defensat que una de les fites sobre les quals se sent m\u00e9s satisfeta d&#8217;haver contribu\u00eft a assolir sent regidora a l&#8217;ajuntament, ha estat &#8220;posar en marxa la dessaladora municipal, una reivindicaci\u00f3 hist\u00f2rica i demanda social que requeria d&#8217;una soluci\u00f3 per millorar la gesti\u00f3 eficient dels recursos h\u00eddrics del poble&#8221;.<span class=\"Apple-converted-space\">\u00a0<\/span>[\/vc_column_text][\/vc_column][vc_column width=&#8221;1\/2&#8243;][vc_column_text]Per altra banda, Camps tamb\u00e9 s&#8217;ha pronunciat sobre la not\u00edcia de l&#8217;arxivament provisional del cas l&#8217;escorxador municipal, &#8220;un desenlla\u00e7 que ten\u00edem clar des del Partit Socialista que havia de ser aquest&#8221;, ha defensat. De fet, &#8220;el PP \u00e9s el menys indicat per intentar implicar l&#8217;ajuntament en q\u00fcestions de corrupci\u00f3, quan l&#8217;her\u00e8ncia que els precedeix precisament no \u00e9s ni lloable ni transparent&#8221;, ha criticat.<span class=\"Apple-converted-space\">\u00a0<\/span><\/p>\n<p>Quant a iniciatives en mat\u00e8ria tur\u00edstica, Camps ha valorat positivament la participaci\u00f3 de l&#8217;ajuntament de Ciutadella a FITUR, &#8220;un espai de participaci\u00f3 com\u00fa on vam poder promocionar el nostre municipi a trav\u00e9s de la campanya &#8216;enjoy Ciutadella&#8217;, tot amb l&#8217;objectiu de situar Menorca com una destinaci\u00f3 segura i de qualitat&#8221;.<span class=\"Apple-converted-space\">\u00a0<\/span><\/p>\n<p>Pel que fa a les imatges d&#8217;aglomeracions de persones durant els dies de festa de Sant Joan, Camps ha reconegut que &#8220;no vam ser capa\u00e7os de preveure la magnitud del que passaria, per\u00f2 consideram que el lideratge del consistori ha de ser m\u00e9s fort i contundent, millorant la coordinaci\u00f3 amb les altres administracions&#8221;. En aquest sentit, &#8220;ja esteim immersos en la creaci\u00f3 de la junta municipal de Sant Joan, precisament per garantir aquesta relaci\u00f3 institucional i millorar aix\u00ed la gesti\u00f3 de les nostres festes de cara als propers anys&#8221;.<span class=\"Apple-converted-space\">\u00a0<\/span>[\/vc_column_text][\/vc_column][\/vc_row][vc_row][vc_column][vc_empty_space height=&#8221;50px&#8221;][vc_video link=&#8221;https:\/\/www.youtube.com\/watch?v=hDrrs619LKI&#8221;][\/vc_column][\/vc_row]\n<\/div>","protected":false},"excerpt":{"rendered":"<p>[vc_row el_class=&#8221;img_noticia&#8221;][vc_column][vc_single_image image=&#8221;25963&#8243; img_size=&#8221;full&#8221;][\/vc_column][\/vc_row][vc_row el_class=&#8221;intro&#8221;][vc_column][vc_column_text]Noem\u00ed Camps ha fet un rep\u00e0s dels dos primers anys de mandat i defensa la gesti\u00f3 transparent del PSOE en el cas de l&#8217;escorxador municipal\u00a0[\/vc_column_text][\/vc_column][\/vc_row][vc_row][vc_column width=&#8221;1\/2&#8243;][vc_column_text]En una entrevista gravada de forma exclusiva per al canal audiovisual PSOE Menorca TV, la Secret\u00e0ria General del PSOE Ciutadella, Noem\u00ed Camps, fa una an\u00e0lisi de&hellip;<\/p>\n","protected":false},"author":6,"featured_media":0,"comment_status":"open","ping_status":"open","sticky":false,"template":"","format":"standard","meta":{"footnotes":""},"categories":[99,2,1,90,92],"tags":[],"class_list":["post-25962","post","type-post","status-publish","format-standard","hentry","category-ciutadella","category-federacio-de-menorca","category-federacio-de-menorca-portada","category-municipis","category-portada"],"_links":{"self":[{"href":"https:\/\/www.psib-psoe.org\/menorca\/wp-json\/wp\/v2\/posts\/25962"}],"collection":[{"href":"https:\/\/www.psib-psoe.org\/menorca\/wp-json\/wp\/v2\/posts"}],"about":[{"href":"https:\/\/www.psib-psoe.org\/menorca\/wp-json\/wp\/v2\/types\/post"}],"author":[{"embeddable":true,"href":"https:\/\/www.psib-psoe.org\/menorca\/wp-json\/wp\/v2\/users\/6"}],"replies":[{"embeddable":true,"href":"https:\/\/www.psib-psoe.org\/menorca\/wp-json\/wp\/v2\/comments?post=25962"}],"version-history":[{"count":0,"href":"https:\/\/www.psib-psoe.org\/menorca\/wp-json\/wp\/v2\/posts\/25962\/revisions"}],"wp:attachment":[{"href":"https:\/\/www.psib-psoe.org\/menorca\/wp-json\/wp\/v2\/media?parent=25962"}],"wp:term":[{"taxonomy":"category","embeddable":true,"href":"https:\/\/www.psib-psoe.org\/menorca\/wp-json\/wp\/v2\/categories?post=25962"},{"taxonomy":"post_tag","embeddable":true,"href":"https:\/\/www.psib-psoe.org\/menorca\/wp-json\/wp\/v2\/tags?post=25962"}],"curies":[{"name":"wp","href":"https:\/\/api.w.org\/{rel}","templated":true}]}}