{"id":25990,"date":"2021-09-02T11:12:13","date_gmt":"2021-09-02T09:12:13","guid":{"rendered":"http:\/\/www.psib-psoe.org\/menorca\/?p=25990"},"modified":"2021-09-02T11:20:22","modified_gmt":"2021-09-02T09:20:22","slug":"el-psoe-menorca-celebra-que-la-justicia-hagi-desestimat-el-recurs-presentat-pel-pp-en-el-cas-de-lescorxador-municipal-de-ciutadella","status":"publish","type":"post","link":"https:\/\/www.psib-psoe.org\/menorca\/el-psoe-menorca-celebra-que-la-justicia-hagi-desestimat-el-recurs-presentat-pel-pp-en-el-cas-de-lescorxador-municipal-de-ciutadella\/","title":{"rendered":"El PSOE Menorca celebra que la Just\u00edcia hagi desestimat el recurs presentat pel PP en el cas de l&#8217;escorxador municipal de Ciutadella"},"content":{"rendered":"<div class=\"wpb-content-wrapper\">[vc_row el_class=&#8221;img_noticia&#8221;][vc_column][vc_single_image image=&#8221;25992&#8243; img_size=&#8221;full&#8221;][\/vc_column][\/vc_row][vc_row el_class=&#8221;intro&#8221;][vc_column][vc_column_text]Els socialistes acusen els populars de voler judialitzar una actuaci\u00f3 que ha estat avalada, per segona vegada, per la Just\u00edcia, amb l&#8217;objectiu d&#8217;amagar la seva deficient gesti\u00f3 de l&#8217;escorxador anys enrere[\/vc_column_text][\/vc_column][\/vc_row][vc_row][vc_column width=&#8221;1\/2&#8243;][vc_column_text]El PSOE Menorca celebra que la Just\u00edcia, fa uns mesos, arxiv\u00e9s el cas de l&#8217;escorxador de Ciutadella, i recentment hagi desestimat el recurs presentat pel Partit Popular. Aquesta decisi\u00f3 reafirma la bona gesti\u00f3 amb la qual ha actuat la regidora socialista, Sandra Moll, al capdavant d&#8217;aquest servei. En aquest sentit, el partit acusa els populars de voler judicialitzar una actuaci\u00f3 que ha estat avalada, per segona vegada, per la Just\u00edcia, i amb la qual pretenen amagar la seva deficient gesti\u00f3 d&#8217;aquesta instal\u00b7laci\u00f3 anys enrere.<span class=\"Apple-converted-space\">\u00a0<\/span><\/p>\n<p>Cal recordar que a l&#8217;any 2015, quan el PSOE va entrar a governar al consistori, la situaci\u00f3 de l&#8217;escorxador era p\u00e8ssima; les instal\u00b7lacions es trobaven en mal estat i la maquin\u00e0ria amb la qual comptaven per fer feina era vella i s&#8217;havia quedat obsoleta.<span class=\"Apple-converted-space\">\u00a0<\/span>[\/vc_column_text][\/vc_column][vc_column width=&#8221;1\/2&#8243;][vc_column_text]Un cop detectades totes aquestes defici\u00e8ncies, des de la regidoria socialista, es va posar a fer feina per resoldre i regularitzar aquesta prec\u00e0ria situaci\u00f3 i millorar les seves condicions per oferir un bon servei.<span class=\"Apple-converted-space\">\u00a0<\/span><\/p>\n<p>Amb tot, el PSOE Menorca vol recordar que, tot i la mala praxis del PP a l&#8217;ajuntament de Ciutadella respecte a la gesti\u00f3 de l&#8217;escorxador municipal, el PSOE ha estat capa\u00e7 de revertir la situaci\u00f3 i donar soluci\u00f3 a q\u00fcestions especialment importants que<span class=\"Apple-converted-space\">\u00a0 <\/span>els populars no havien estat capa\u00e7os de resoldre en el seu moment. Tot amb l&#8217;objectiu de poder mantenir l&#8217;activitat amb normalitat i amb les m\u00e0ximes garanties que mereixen els ramaders, productors i comerciants tant de Ciutadella com de Menorca.<span class=\"Apple-converted-space\">\u00a0<\/span>[\/vc_column_text][\/vc_column][\/vc_row]\n<\/div>","protected":false},"excerpt":{"rendered":"<p>[vc_row el_class=&#8221;img_noticia&#8221;][vc_column][vc_single_image image=&#8221;25992&#8243; img_size=&#8221;full&#8221;][\/vc_column][\/vc_row][vc_row el_class=&#8221;intro&#8221;][vc_column][vc_column_text]Els socialistes acusen els populars de voler judialitzar una actuaci\u00f3 que ha estat avalada, per segona vegada, per la Just\u00edcia, amb l&#8217;objectiu d&#8217;amagar la seva deficient gesti\u00f3 de l&#8217;escorxador anys enrere[\/vc_column_text][\/vc_column][\/vc_row][vc_row][vc_column width=&#8221;1\/2&#8243;][vc_column_text]El PSOE Menorca celebra que la Just\u00edcia, fa uns mesos, arxiv\u00e9s el cas de l&#8217;escorxador de Ciutadella, i recentment hagi&hellip;<\/p>\n","protected":false},"author":6,"featured_media":0,"comment_status":"open","ping_status":"open","sticky":false,"template":"","format":"standard","meta":{"footnotes":""},"categories":[99,2,1,90,92],"tags":[],"class_list":["post-25990","post","type-post","status-publish","format-standard","hentry","category-ciutadella","category-federacio-de-menorca","category-federacio-de-menorca-portada","category-municipis","category-portada"],"_links":{"self":[{"href":"https:\/\/www.psib-psoe.org\/menorca\/wp-json\/wp\/v2\/posts\/25990"}],"collection":[{"href":"https:\/\/www.psib-psoe.org\/menorca\/wp-json\/wp\/v2\/posts"}],"about":[{"href":"https:\/\/www.psib-psoe.org\/menorca\/wp-json\/wp\/v2\/types\/post"}],"author":[{"embeddable":true,"href":"https:\/\/www.psib-psoe.org\/menorca\/wp-json\/wp\/v2\/users\/6"}],"replies":[{"embeddable":true,"href":"https:\/\/www.psib-psoe.org\/menorca\/wp-json\/wp\/v2\/comments?post=25990"}],"version-history":[{"count":0,"href":"https:\/\/www.psib-psoe.org\/menorca\/wp-json\/wp\/v2\/posts\/25990\/revisions"}],"wp:attachment":[{"href":"https:\/\/www.psib-psoe.org\/menorca\/wp-json\/wp\/v2\/media?parent=25990"}],"wp:term":[{"taxonomy":"category","embeddable":true,"href":"https:\/\/www.psib-psoe.org\/menorca\/wp-json\/wp\/v2\/categories?post=25990"},{"taxonomy":"post_tag","embeddable":true,"href":"https:\/\/www.psib-psoe.org\/menorca\/wp-json\/wp\/v2\/tags?post=25990"}],"curies":[{"name":"wp","href":"https:\/\/api.w.org\/{rel}","templated":true}]}}