{"id":25996,"date":"2021-09-10T12:30:05","date_gmt":"2021-09-10T10:30:05","guid":{"rendered":"http:\/\/www.psib-psoe.org\/menorca\/?p=25996"},"modified":"2021-09-13T13:16:25","modified_gmt":"2021-09-13T11:16:25","slug":"el-psoe-menorca-inicia-el-curs-politic-encarant-la-celebracio-del-seu-proces-congressual-el-mes-de-desembre","status":"publish","type":"post","link":"https:\/\/www.psib-psoe.org\/menorca\/el-psoe-menorca-inicia-el-curs-politic-encarant-la-celebracio-del-seu-proces-congressual-el-mes-de-desembre\/","title":{"rendered":"El PSOE Menorca inicia el curs pol\u00edtic encarant la celebraci\u00f3 del seu proc\u00e9s congressual el mes de desembre"},"content":{"rendered":"<div class=\"wpb-content-wrapper\">[vc_row el_class=&#8221;img_noticia&#8221;][vc_column][vc_single_image image=&#8221;25997&#8243; img_size=&#8221;full&#8221;][\/vc_column][\/vc_row][vc_row el_class=&#8221;intro&#8221;][vc_column][vc_column_text]El Comit\u00e8 Insular va nomenar B\u00e0rbara Torrent com a coordinadora de la pon\u00e8ncia marc dels socialistes de Menorca, juntament amb Pepe Mercadal, Josep Pastrana i Enric Mas[\/vc_column_text][\/vc_column][\/vc_row][vc_row][vc_column width=&#8221;1\/2&#8243;][vc_column_text]El PSOE Menorca inicia el nou curs pol\u00edtic encarant la celebraci\u00f3 del seu proc\u00e9s congressual que tindr\u00e0 lloc, previsiblement, el mes de desembre, un cop s&#8217;hagi celebrat el del federal i auton\u00f2mic. Aquesta cita suposa una oportunitat, en tots els \u00e0mbits, per renovar la composici\u00f3 dels \u00f2rgans de direcci\u00f3 i, sobretot, per actualizar el projecte pol\u00edtic socialista.<span class=\"Apple-converted-space\">\u00a0<\/span><\/p>\n<p>Quant al Congr\u00e9s Federal, que se celebrar\u00e0 del 15 al 17 d&#8217;octubre a Val\u00e8ncia, Menorca enviar\u00e0 dos representants: seran H\u00e9ctor Pons i Susana Mora que, com a Secret\u00e0ria General del PSOE Menorca, actuar\u00e0 com a cap de delegaci\u00f3. M\u00e9s endavant, s&#8217;elegiran els suplents i les persones convidades que completaran la delegaci\u00f3 menorquina, encarregada de defensar els nostres interessos.<span class=\"Apple-converted-space\">\u00a0<\/span><\/p>\n<p>Per altra banda, el Comit\u00e8 Insular, m\u00e0xim \u00f2rgan de decisi\u00f3 del partit, va nomenar B\u00e0rbara Torrent com a coordinadora de la l&#8217;elaboraci\u00f3 i redacci\u00f3 de la pon\u00e8ncia marc, un full de ruta que ha de marcar les prioritats pol\u00edtiques de futur per a la Federaci\u00f3 Socialista de Menorca per als pr\u00f2xims 4 anys.[\/vc_column_text][\/vc_column][vc_column width=&#8221;1\/2&#8243;][vc_column_text]Torrent va elegir Pepe Mercadal, Josep Pastrana i Enric Mas al capdavant de cadascun dels 3 blocs amb qu\u00e8 s&#8217;estructurar\u00e0 aquest document.<\/p>\n<p>Per part seva, Pepe Mercadal ser\u00e0 l&#8217;encarregat de dirigir el grup de debat sobre Partit, el qual ha de definir les principals l\u00ednies estrat\u00e8giques a seguir de cara als pr\u00f2xims anys; Josep Pastrana coordinar\u00e0 el bloc de Sostenibilitat i model econ\u00f2mic, molt lligat amb tots les q\u00fcestions relacionades amb l&#8217;agenda 2030, i Enric Mas liderar\u00e0 el grup relacionat amb el projecte sociocultural i de serveis a les persones.<span class=\"Apple-converted-space\">\u00a0<\/span><\/p>\n<p>Amb tot, la redacci\u00f3 i elaboraci\u00f3 de la pon\u00e8ncia marc, es far\u00e0 a trav\u00e9s d&#8217;un proc\u00e9s de participaci\u00f3 que vol ser el m\u00e9s ample i obert possible a tota la milit\u00e0ncia socialista. Tot amb l&#8217;objectiu d&#8217;enriquir el debat i aportar idees noves per seguir construint i consolidant el projecte socialista tant als municipis com a Menorca.<span class=\"Apple-converted-space\">\u00a0<\/span>[\/vc_column_text][\/vc_column][\/vc_row][vc_row][vc_column][vc_empty_space][vc_video link=&#8221;https:\/\/www.youtube.com\/watch?v=MO6Bzk6XhvM&amp;t&#8221;][\/vc_column][\/vc_row][vc_row][vc_column][\/vc_column][\/vc_row]\n<\/div>","protected":false},"excerpt":{"rendered":"<p>[vc_row el_class=&#8221;img_noticia&#8221;][vc_column][vc_single_image image=&#8221;25997&#8243; img_size=&#8221;full&#8221;][\/vc_column][\/vc_row][vc_row el_class=&#8221;intro&#8221;][vc_column][vc_column_text]El Comit\u00e8 Insular va nomenar B\u00e0rbara Torrent com a coordinadora de la pon\u00e8ncia marc dels socialistes de Menorca, juntament amb Pepe Mercadal, Josep Pastrana i Enric Mas[\/vc_column_text][\/vc_column][\/vc_row][vc_row][vc_column width=&#8221;1\/2&#8243;][vc_column_text]El PSOE Menorca inicia el nou curs pol\u00edtic encarant la celebraci\u00f3 del seu proc\u00e9s congressual que tindr\u00e0 lloc, previsiblement, el mes de desembre, un&hellip;<\/p>\n","protected":false},"author":6,"featured_media":0,"comment_status":"open","ping_status":"open","sticky":false,"template":"","format":"standard","meta":{"footnotes":""},"categories":[2,1,92],"tags":[],"class_list":["post-25996","post","type-post","status-publish","format-standard","hentry","category-federacio-de-menorca","category-federacio-de-menorca-portada","category-portada"],"_links":{"self":[{"href":"https:\/\/www.psib-psoe.org\/menorca\/wp-json\/wp\/v2\/posts\/25996"}],"collection":[{"href":"https:\/\/www.psib-psoe.org\/menorca\/wp-json\/wp\/v2\/posts"}],"about":[{"href":"https:\/\/www.psib-psoe.org\/menorca\/wp-json\/wp\/v2\/types\/post"}],"author":[{"embeddable":true,"href":"https:\/\/www.psib-psoe.org\/menorca\/wp-json\/wp\/v2\/users\/6"}],"replies":[{"embeddable":true,"href":"https:\/\/www.psib-psoe.org\/menorca\/wp-json\/wp\/v2\/comments?post=25996"}],"version-history":[{"count":0,"href":"https:\/\/www.psib-psoe.org\/menorca\/wp-json\/wp\/v2\/posts\/25996\/revisions"}],"wp:attachment":[{"href":"https:\/\/www.psib-psoe.org\/menorca\/wp-json\/wp\/v2\/media?parent=25996"}],"wp:term":[{"taxonomy":"category","embeddable":true,"href":"https:\/\/www.psib-psoe.org\/menorca\/wp-json\/wp\/v2\/categories?post=25996"},{"taxonomy":"post_tag","embeddable":true,"href":"https:\/\/www.psib-psoe.org\/menorca\/wp-json\/wp\/v2\/tags?post=25996"}],"curies":[{"name":"wp","href":"https:\/\/api.w.org\/{rel}","templated":true}]}}