{"id":26006,"date":"2021-09-17T10:42:23","date_gmt":"2021-09-17T08:42:23","guid":{"rendered":"http:\/\/www.psib-psoe.org\/menorca\/?p=26006"},"modified":"2021-09-20T12:25:13","modified_gmt":"2021-09-20T10:25:13","slug":"susana-mora-i-hector-pons-seran-els-delegats-que-representaran-el-psoe-menorca-al-40e-congres-del-psoe","status":"publish","type":"post","link":"https:\/\/www.psib-psoe.org\/menorca\/susana-mora-i-hector-pons-seran-els-delegats-que-representaran-el-psoe-menorca-al-40e-congres-del-psoe\/","title":{"rendered":"Susana Mora i H\u00e9ctor Pons seran els delegats que representaran el PSOE Menorca al 40\u00e8 Congr\u00e9s del PSOE"},"content":{"rendered":"<div class=\"wpb-content-wrapper\">[vc_row el_class=&#8221;img_noticia&#8221;][vc_column][vc_single_image image=&#8221;26008&#8243; img_size=&#8221;full&#8221;][\/vc_column][\/vc_row][vc_row el_class=&#8221;intro&#8221;][vc_column][vc_column_text]Noem\u00ed Camps i Pepe Mercadal seran els suplents a la llista de la delegaci\u00f3 menorquina<span class=\"Apple-converted-space\">\u00a0<\/span>[\/vc_column_text][\/vc_column][\/vc_row][vc_row][vc_column width=&#8221;1\/2&#8243;][vc_column_text]El PSOE inicia una etapa de celebraci\u00f3 de congressos amb l&#8217;objectiu de renovar la composici\u00f3 dels \u00f2rgans de direcci\u00f3 i, sobretot, per actualizar el projecte pol\u00edtic socialista. En aquesta l\u00ednia, el Congr\u00e9s federal se celebrar\u00e0 els dies 15, 16 i 17 d&#8217;octubre a Val\u00e8ncia i l&#8217;auton\u00f2mic entre el 27 i 28 de novembre a Inca.<span class=\"Apple-converted-space\">\u00a0<\/span><\/p>\n<p>A part de Susana Mora, cap de llista de la delegaci\u00f3 menorquina al Congr\u00e9s Federal, ja s&#8217;ha registrat la candidatura completa de la delegaci\u00f3 que representar\u00e0 el partit a la cita federal, una llista que es proclamar\u00e0 definitivament entre el 26 i el 30 de setembre.<span class=\"Apple-converted-space\">\u00a0<\/span>[\/vc_column_text][\/vc_column][vc_column width=&#8221;1\/2&#8243;][vc_column_text]D&#8217;aquesta manera, H\u00e9ctor Pons ser\u00e0 l&#8217;acompanyant de Susana Mora que, a part de ser el batle de Ma\u00f3 i Secretari General del PSOE Ma\u00f3, \u00e9s el Secretari insular de Pol\u00edtica Municipal.<\/p>\n<p>Quant a la llista de suplents, Mora ha elegit Noem\u00ed Camps i Pepe Mercadal. I, en els pr\u00f2xims dies, la delegaci\u00f3 menorquina es complementar\u00e0 amb una llista de persones convidades.<\/p>\n<p>Susana Mora ha defensat que &#8220;encaram aquest nou proc\u00e9s amb il\u00b7lusi\u00f3 i responsabilitat&#8221;, motiu pel qual &#8220;m&#8217;he presentat com a cap de delegaci\u00f3 per representar, precisament, els interessos del socialisme menorqu\u00ed davant el Congr\u00e9s del PSOE i seguir democratitzant el nostre partit&#8221;.<span class=\"Apple-converted-space\">\u00a0<\/span>[\/vc_column_text][\/vc_column][\/vc_row]\n<\/div>","protected":false},"excerpt":{"rendered":"<p>[vc_row el_class=&#8221;img_noticia&#8221;][vc_column][vc_single_image image=&#8221;26008&#8243; img_size=&#8221;full&#8221;][\/vc_column][\/vc_row][vc_row el_class=&#8221;intro&#8221;][vc_column][vc_column_text]Noem\u00ed Camps i Pepe Mercadal seran els suplents a la llista de la delegaci\u00f3 menorquina\u00a0[\/vc_column_text][\/vc_column][\/vc_row][vc_row][vc_column width=&#8221;1\/2&#8243;][vc_column_text]El PSOE inicia una etapa de celebraci\u00f3 de congressos amb l&#8217;objectiu de renovar la composici\u00f3 dels \u00f2rgans de direcci\u00f3 i, sobretot, per actualizar el projecte pol\u00edtic socialista. En aquesta l\u00ednia, el Congr\u00e9s federal se celebrar\u00e0 els&hellip;<\/p>\n","protected":false},"author":6,"featured_media":0,"comment_status":"open","ping_status":"open","sticky":false,"template":"","format":"standard","meta":{"footnotes":""},"categories":[2,1,92],"tags":[],"class_list":["post-26006","post","type-post","status-publish","format-standard","hentry","category-federacio-de-menorca","category-federacio-de-menorca-portada","category-portada"],"_links":{"self":[{"href":"https:\/\/www.psib-psoe.org\/menorca\/wp-json\/wp\/v2\/posts\/26006"}],"collection":[{"href":"https:\/\/www.psib-psoe.org\/menorca\/wp-json\/wp\/v2\/posts"}],"about":[{"href":"https:\/\/www.psib-psoe.org\/menorca\/wp-json\/wp\/v2\/types\/post"}],"author":[{"embeddable":true,"href":"https:\/\/www.psib-psoe.org\/menorca\/wp-json\/wp\/v2\/users\/6"}],"replies":[{"embeddable":true,"href":"https:\/\/www.psib-psoe.org\/menorca\/wp-json\/wp\/v2\/comments?post=26006"}],"version-history":[{"count":0,"href":"https:\/\/www.psib-psoe.org\/menorca\/wp-json\/wp\/v2\/posts\/26006\/revisions"}],"wp:attachment":[{"href":"https:\/\/www.psib-psoe.org\/menorca\/wp-json\/wp\/v2\/media?parent=26006"}],"wp:term":[{"taxonomy":"category","embeddable":true,"href":"https:\/\/www.psib-psoe.org\/menorca\/wp-json\/wp\/v2\/categories?post=26006"},{"taxonomy":"post_tag","embeddable":true,"href":"https:\/\/www.psib-psoe.org\/menorca\/wp-json\/wp\/v2\/tags?post=26006"}],"curies":[{"name":"wp","href":"https:\/\/api.w.org\/{rel}","templated":true}]}}