{"id":26012,"date":"2021-09-24T21:09:41","date_gmt":"2021-09-24T19:09:41","guid":{"rendered":"http:\/\/www.psib-psoe.org\/menorca\/?p=26012"},"modified":"2021-10-22T12:55:54","modified_gmt":"2021-10-22T10:55:54","slug":"susana-mora-la-capacitat-de-recuperacio-de-menorca-sera-mes-rapida-gracies-a-la-seva-fortalesa-i-resiliencia","status":"publish","type":"post","link":"https:\/\/www.psib-psoe.org\/menorca\/susana-mora-la-capacitat-de-recuperacio-de-menorca-sera-mes-rapida-gracies-a-la-seva-fortalesa-i-resiliencia\/","title":{"rendered":"Susana Mora: &#8220;La capacitat de recuperaci\u00f3 de Menorca ser\u00e0 m\u00e9s r\u00e0pida gr\u00e0cies a la seva fortalesa per superar situacions adverses&#8221;"},"content":{"rendered":"<div class=\"wpb-content-wrapper\">[vc_row el_class=&#8221;img_noticia&#8221;][vc_column][vc_single_image image=&#8221;26013&#8243; img_size=&#8221;full&#8221;][\/vc_column][\/vc_row][vc_row el_class=&#8221;intro&#8221;][vc_column][vc_column_text]\n<ul>\n<li>El PSOE Menorca ha reunit els membres de l&#8217;Executiva insular per tractar les q\u00fcestions m\u00e9s importants que han de marcar la recuperaci\u00f3 econ\u00f2mica de l&#8217;illa<\/li>\n<li>La Comissi\u00f3 Executiva ha convocat el seu Comit\u00e8 Insular per al pr\u00f2xim 9 d&#8217;octubre que convocar\u00e0, alhora, el Congr\u00e9s de la Federaci\u00f3 Socialista de Menorca<\/li>\n<\/ul>\n[\/vc_column_text][\/vc_column][\/vc_row][vc_row][vc_column width=&#8221;1\/2&#8243;][vc_column_text]La secret\u00e0ria general del partit, Susana Mora, ha reunit els membres de l&#8217;Executiva del PSOE Menorca per tractar les q\u00fcestions m\u00e9s importants respecte la recuperaci\u00f3 econ\u00f2mica en l&#8217;era post pand\u00e8mia. &#8220;Seguim immersos en una pand\u00e8mia mundial que ha afectat i afecta tanta gent, per\u00f2 la feina conjunta ha fet que ja estiguem en el cam\u00ed de la recuperaci\u00f3 i de la normalitat a les nostres vides&#8221;.<span class=\"Apple-converted-space\">\u00a0<\/span><\/p>\n<p>De fet, ha seguit defensant que &#8220;hem estat a l&#8217;al\u00e7ada de la situaci\u00f3, aconseguint una temporada tur\u00edstica que s&#8217;esperava incerta i generant seguretat gr\u00e0cies a tota l&#8217;estrat\u00e8gia que hem seguit conjuntament entre la societat i les administracions&#8221;. En aquest sentit, Mora ha afegit que &#8220;Menorca s&#8217;ha consolidat com un dest\u00ed segur i com un territori que ha sabut mantenir la incid\u00e8ncia acumulada en comparaci\u00f3 a altres llocs&#8221;.<span class=\"Apple-converted-space\">\u00a0<\/span><\/p>\n<p>A partir d&#8217;aqu\u00ed, &#8220;iniciam un curs pol\u00edtic que camina cap el final de la crisi sanit\u00e0ria i cap a la recuperaci\u00f3 social i econ\u00f2mica, on Menorca tindr\u00e0 una major capacitat de recuperaci\u00f3 gr\u00e0cies a la seva fortalesa per superar situacions adverses&#8221;.[\/vc_column_text][\/vc_column][vc_column width=&#8221;1\/2&#8243;][vc_column_text]Pel que fa als reptes de futur, Mora ha recordat que &#8220;hem estat capa\u00e7os de gestionar una crisi complicada, per\u00f2 hem de seguir donant resposta a aquells projectes que ens posicionen de cara als objectius de l&#8217;Agenda 2030&#8221;. <span class=\"Apple-converted-space\">\u00a0<\/span><\/p>\n<p>Per altra banda, Mora ha defensat la gesti\u00f3 del Govern de les Illes Balears i el seu lideratge davant la crisi sanit\u00e0ria, qualificant-la d&#8217;exemplar. S&#8217;ha referit al fet de ser la primera Comunitat Aut\u00f2noma en pagar els 855 milions d&#8217;euros procedents del Govern estatal dirigits a les empreses i aut\u00f2noms que pitjor ho han passat, i tamb\u00e9 per haver aconseguit dotar el factor d&#8217;insularitat del REB amb 185 milions d&#8217;euros.<\/p>\n<p>Per \u00faltim, i respecte el calendari del proc\u00e9s congressual dels socialistes, s&#8217;ha convocat el Comit\u00e8 Insular per al pr\u00f2xim 9 d&#8217;octubre que convocar\u00e0, alhora, el Congr\u00e9s del partit, el qual se celebrar\u00e0, previsiblement, a finals del mes de gener del 2022.[\/vc_column_text][\/vc_column][\/vc_row]\n<\/div>","protected":false},"excerpt":{"rendered":"<p>[vc_row el_class=&#8221;img_noticia&#8221;][vc_column][vc_single_image image=&#8221;26013&#8243; img_size=&#8221;full&#8221;][\/vc_column][\/vc_row][vc_row el_class=&#8221;intro&#8221;][vc_column][vc_column_text] El PSOE Menorca ha reunit els membres de l&#8217;Executiva insular per tractar les q\u00fcestions m\u00e9s importants que han de marcar la recuperaci\u00f3 econ\u00f2mica de l&#8217;illa La Comissi\u00f3 Executiva ha convocat el seu Comit\u00e8 Insular per al pr\u00f2xim 9 d&#8217;octubre que convocar\u00e0, alhora, el Congr\u00e9s de la Federaci\u00f3 Socialista de Menorca&hellip;<\/p>\n","protected":false},"author":6,"featured_media":0,"comment_status":"open","ping_status":"open","sticky":false,"template":"","format":"standard","meta":{"footnotes":""},"categories":[2,1,92],"tags":[],"class_list":["post-26012","post","type-post","status-publish","format-standard","hentry","category-federacio-de-menorca","category-federacio-de-menorca-portada","category-portada"],"_links":{"self":[{"href":"https:\/\/www.psib-psoe.org\/menorca\/wp-json\/wp\/v2\/posts\/26012"}],"collection":[{"href":"https:\/\/www.psib-psoe.org\/menorca\/wp-json\/wp\/v2\/posts"}],"about":[{"href":"https:\/\/www.psib-psoe.org\/menorca\/wp-json\/wp\/v2\/types\/post"}],"author":[{"embeddable":true,"href":"https:\/\/www.psib-psoe.org\/menorca\/wp-json\/wp\/v2\/users\/6"}],"replies":[{"embeddable":true,"href":"https:\/\/www.psib-psoe.org\/menorca\/wp-json\/wp\/v2\/comments?post=26012"}],"version-history":[{"count":0,"href":"https:\/\/www.psib-psoe.org\/menorca\/wp-json\/wp\/v2\/posts\/26012\/revisions"}],"wp:attachment":[{"href":"https:\/\/www.psib-psoe.org\/menorca\/wp-json\/wp\/v2\/media?parent=26012"}],"wp:term":[{"taxonomy":"category","embeddable":true,"href":"https:\/\/www.psib-psoe.org\/menorca\/wp-json\/wp\/v2\/categories?post=26012"},{"taxonomy":"post_tag","embeddable":true,"href":"https:\/\/www.psib-psoe.org\/menorca\/wp-json\/wp\/v2\/tags?post=26012"}],"curies":[{"name":"wp","href":"https:\/\/api.w.org\/{rel}","templated":true}]}}