{"id":26041,"date":"2021-11-06T12:38:12","date_gmt":"2021-11-06T10:38:12","guid":{"rendered":"http:\/\/www.psib-psoe.org\/menorca\/?p=26041"},"modified":"2021-11-06T12:38:12","modified_gmt":"2021-11-06T10:38:12","slug":"el-comite-insular-del-psoe-menorca-convoca-el-14e-congres-del-partit-al-qual-la-secretaria-general-susana-mora-optara-a-la-reeleccio","status":"publish","type":"post","link":"https:\/\/www.psib-psoe.org\/menorca\/el-comite-insular-del-psoe-menorca-convoca-el-14e-congres-del-partit-al-qual-la-secretaria-general-susana-mora-optara-a-la-reeleccio\/","title":{"rendered":"El Comit\u00e8 Insular del PSOE Menorca convoca el 14\u00e8 Congr\u00e9s del partit, al qual la Secret\u00e0ria General, Susana Mora, optar\u00e0 a la reelecci\u00f3"},"content":{"rendered":"<div class=\"wpb-content-wrapper\">[vc_row el_class=&#8221;img_noticia&#8221;][vc_column][vc_single_image image=&#8221;26042&#8243; img_size=&#8221;full&#8221;][\/vc_column][\/vc_row][vc_row el_class=&#8221;intro&#8221;][vc_column][vc_column_text]El 14\u00e8 Congr\u00e9s dels Socialistes de Menorca se celebrar\u00e0 els dies 22 i 23 de gener a la Sala Polivalent Albert Camus de Sant Llu\u00eds<span class=\"Apple-converted-space\">\u00a0<\/span>[\/vc_column_text][\/vc_column][\/vc_row][vc_row][vc_column width=&#8221;1\/2&#8243;][vc_column_text]El Comit\u00e8 Insular del PSOE Menorca, m\u00e0xim \u00f2rgan de decisi\u00f3 del partit, ha convocat avui el 14\u00e8 Congr\u00e9s del partit, que es dur\u00e0 a terme els dies 22 i 23 de gener a la Sala Polivalent Albert Camus de Sant Llu\u00eds i al qual l&#8217;actual Secret\u00e0ria General de la formaci\u00f3, Susana Mora, ha anunciat que es presentar\u00e0 a la reelecci\u00f3.<span class=\"Apple-converted-space\">\u00a0<\/span><\/p>\n<p>La Secret\u00e0ria General ha comen\u00e7at el seu discurs fent un rep\u00e0s del que han suposat aquests 4 anys, posant l&#8217;accent en les eleccions del 2019. &#8220;Vam encarar unes eleccions il\u00b7lusionants, on el Partit Socialista va sortir refor\u00e7at gr\u00e0cies a la feina de tots i totes i creant un magn\u00edfic equip de persones compromeses en fer feina per a Menorca&#8221;. En aquest sentit, &#8220;vam aconseguir revalidar la presid\u00e8ncia del Consell Insular per 4 anys i vam recuperar batlies tan importants com Ma\u00f3, Sant Llu\u00eds o Es Castell&#8221;.<span class=\"Apple-converted-space\">\u00a0<\/span><\/p>\n<p>Quant a la crisi sanit\u00e0ria marcada per la pand\u00e8mia mundial de la Covid 19, Mora ha recordat que &#8220;ens va obligar a readaptar-nos a tots els nivells: personal, professional, pol\u00edtic institucional i pol\u00edtic org\u00e0nic&#8221;. No obstant, &#8220;hem demostrat que hem estat capa\u00e7os de seguir endavant en un moment on el PSOE ha estat a l&#8217;al\u00e7ada de la situaci\u00f3 sabent gestionar des del di\u00e0leg, comprom\u00eds i responsabilitat&#8221;.<span class=\"Apple-converted-space\">\u00a0<\/span><\/p>\n<p>A m\u00e9s, la socialista ha defensat la gesti\u00f3 del Govern d&#8217;Espanya i el seu lideratge davant la crisi sanit\u00e0ria. Per exemple, &#8220;la posada en marxa de les ajudes als fixos discotinus i els ERTO han estat cabdals, aquesta \u00faltima una eina fonamental que ha refor\u00e7at el nostre escut social i gr\u00e0cies a la qual milers de fam\u00edlies han pogut susbistir durant aquest any i mig de pand\u00e8mia&#8221;.[\/vc_column_text][\/vc_column][vc_column width=&#8221;1\/2&#8243;][vc_column_text]En la mateixa l\u00ednia, Mora s&#8217;ha comprom\u00e8s a seguir fent feina per la ciutadania menorquina i en la defensa, especialment, dels treballadors i treballadores m\u00e9s vulnerables i que m\u00e9s han patit les conseq\u00fc\u00e8ncies de la pand\u00e8mia mundial. \u00c9s en aquests moments &#8220;on hem de seguir demostrant unitat i for\u00e7a per seguir construint un futur m\u00e9s just i igualitari per a tothom&#8221;.<span class=\"Apple-converted-space\">\u00a0<\/span><\/p>\n<p>Per acabar, Susana Mora ha volgut tenir unes paraules d&#8217;agra\u00efment &#8220;a tots els que m&#8217;heu acompanyat a l&#8217;Executiva insular al llarg d&#8217;aquests 4 anys, estic segura que hem fet creat un equip extraordinari bolcat en fer feina per millorar la qualitat de vida de tots i totes i en seguir avan\u00e7ant en pol\u00edtiques econ\u00f2miques i socials per fer de Menorca una illa encara millor&#8221;.<span class=\"Apple-converted-space\">\u00a0<\/span><\/p>\n<p><b>14\u00e8 Congr\u00e9s del PSOE Menorca: un moment per al debat i la reflexi\u00f3<span class=\"Apple-converted-space\">\u00a0<\/span><\/b><\/p>\n<p>Amb la convocat\u00f2ria avui del 14\u00e8 Congr\u00e9s del PSOE Menorca, els Socialistes de Menorca avancen amb el proc\u00e9s de debat i reflexi\u00f3 que suposen aquestes cites, &#8220;una oportunitat per actualizar el nostre projecte pol\u00edtic, un full de ruta que ofereix i seguir\u00e0 oferint una garantia d&#8217;igualtat d&#8217;oportunitats per tal que ning\u00fa quedi enrere, que defensa l&#8217;inter\u00e8s general i que aposta pels serveis p\u00fablics, tot amb l&#8217;objectiu de consolidar els resultats de les eleccions de 2019&#8221;.<span class=\"Apple-converted-space\">\u00a0<\/span><\/p>\n<p>Precisament per enriquir el debat i la reflexi\u00f3 que conduiran a la celebraci\u00f3 del 14\u00e8 Congr\u00e9s, la Federaci\u00f3 de Menorca ha organitzat, per al proper dissabte 20 de novembre al Centre Bit d&#8217;Alaior, un seguit de taules rodones amb la participaci\u00f3 de ponents d&#8217;alt nivell i que han estat protagonistes de la transoformaci\u00f3 del nostre pa\u00eds des de tots els \u00e0mbits.<span class=\"Apple-converted-space\">\u00a0<\/span>[\/vc_column_text][\/vc_column][\/vc_row][vc_row][vc_column][vc_empty_space][\/vc_column][\/vc_row][vc_row][vc_column][vc_video link=&#8221;https:\/\/www.youtube.com\/watch?v=n9eBJTLqMdo&#8221;][\/vc_column][\/vc_row]\n<\/div>","protected":false},"excerpt":{"rendered":"<p>[vc_row el_class=&#8221;img_noticia&#8221;][vc_column][vc_single_image image=&#8221;26042&#8243; img_size=&#8221;full&#8221;][\/vc_column][\/vc_row][vc_row el_class=&#8221;intro&#8221;][vc_column][vc_column_text]El 14\u00e8 Congr\u00e9s dels Socialistes de Menorca se celebrar\u00e0 els dies 22 i 23 de gener a la Sala Polivalent Albert Camus de Sant Llu\u00eds\u00a0[\/vc_column_text][\/vc_column][\/vc_row][vc_row][vc_column width=&#8221;1\/2&#8243;][vc_column_text]El Comit\u00e8 Insular del PSOE Menorca, m\u00e0xim \u00f2rgan de decisi\u00f3 del partit, ha convocat avui el 14\u00e8 Congr\u00e9s del partit, que es dur\u00e0 a terme els&hellip;<\/p>\n","protected":false},"author":6,"featured_media":0,"comment_status":"open","ping_status":"open","sticky":false,"template":"","format":"standard","meta":{"footnotes":""},"categories":[2,1,92],"tags":[],"class_list":["post-26041","post","type-post","status-publish","format-standard","hentry","category-federacio-de-menorca","category-federacio-de-menorca-portada","category-portada"],"_links":{"self":[{"href":"https:\/\/www.psib-psoe.org\/menorca\/wp-json\/wp\/v2\/posts\/26041"}],"collection":[{"href":"https:\/\/www.psib-psoe.org\/menorca\/wp-json\/wp\/v2\/posts"}],"about":[{"href":"https:\/\/www.psib-psoe.org\/menorca\/wp-json\/wp\/v2\/types\/post"}],"author":[{"embeddable":true,"href":"https:\/\/www.psib-psoe.org\/menorca\/wp-json\/wp\/v2\/users\/6"}],"replies":[{"embeddable":true,"href":"https:\/\/www.psib-psoe.org\/menorca\/wp-json\/wp\/v2\/comments?post=26041"}],"version-history":[{"count":0,"href":"https:\/\/www.psib-psoe.org\/menorca\/wp-json\/wp\/v2\/posts\/26041\/revisions"}],"wp:attachment":[{"href":"https:\/\/www.psib-psoe.org\/menorca\/wp-json\/wp\/v2\/media?parent=26041"}],"wp:term":[{"taxonomy":"category","embeddable":true,"href":"https:\/\/www.psib-psoe.org\/menorca\/wp-json\/wp\/v2\/categories?post=26041"},{"taxonomy":"post_tag","embeddable":true,"href":"https:\/\/www.psib-psoe.org\/menorca\/wp-json\/wp\/v2\/tags?post=26041"}],"curies":[{"name":"wp","href":"https:\/\/api.w.org\/{rel}","templated":true}]}}