{"id":26074,"date":"2022-01-23T16:37:03","date_gmt":"2022-01-23T14:37:03","guid":{"rendered":"https:\/\/www.psib-psoe.org\/menorca\/?p=26074"},"modified":"2022-02-01T18:52:11","modified_gmt":"2022-02-01T16:52:11","slug":"bonet-susana-mora-es-la-millor-persona-per-liderar-el-projecte-politic-que-millor-pot-garantir-el-futur-de-llibertat-igualtat-drets-i-prosperitat-compartida-a-menorca","status":"publish","type":"post","link":"https:\/\/www.psib-psoe.org\/menorca\/bonet-susana-mora-es-la-millor-persona-per-liderar-el-projecte-politic-que-millor-pot-garantir-el-futur-de-llibertat-igualtat-drets-i-prosperitat-compartida-a-menorca\/","title":{"rendered":"Bonet: \u201cSusana Mora \u00e9s la millor persona per liderar el projecte pol\u00edtic que millor pot garantir el futur de llibertat, igualtat, drets i prosperitat compartida a Menorca\u201d"},"content":{"rendered":"<div class=\"row wpb_row row-fluid img_noticia\">\n<div class=\"wpb_column columns small-12 medium-12 thb-dark-column\">\n<div class=\"vc_column-inner  \">\n<div class=\"wpb_wrapper\">\n<div class=\"wpb_single_image wpb_content_element vc_align_center  vc_custom_1642941387263\">\n<figure class=\"wpb_wrapper vc_figure\">\n<div class=\"vc_single_image-wrapper   vc_box_border_grey\"><img loading=\"lazy\" decoding=\"async\" width=\"2560\" height=\"1707\" src=\"https:\/\/www.psib-psoe.org\/wp-content\/uploads\/20220123_EXECUTIVA-MENORCA-COSME-BONET-scaled.jpeg\" class=\"vc_single_image-img attachment-full\" alt=\"\" \/><\/div>\n<\/figure><\/div>\n<\/div>\n<\/div>\n<\/div>\n<\/div>\n<div class=\"row wpb_row row-fluid intro full-width-row vc_custom_1558336094678\">\n<div class=\"col_izq wpb_column columns small-12 medium-12 thb-dark-column\">\n<div class=\"vc_column-inner  \">\n<div class=\"wpb_wrapper\">\n<div class=\"wpb_text_column wpb_content_element  \">\n<div class=\"wpb_wrapper\">\n<p><em><u>El Secretari d\u2019Organitzaci\u00f3 del PSIB-PSOE ha acompanyat Susana Mora en la seva reelecci\u00f3 com a Secret\u00e0ria General del PSOE Menorca<\/u><\/em><\/p>\n<\/p><\/div><\/div>\n<\/div>\n<\/div>\n<\/div>\n<\/div>\n<div class=\"row wpb_row row-fluid full-width-row\">\n<div class=\"col_izq wpb_column columns small-12 medium-6 thb-dark-column\">\n<div class=\"vc_column-inner  \">\n<div class=\"wpb_wrapper\">\n<div class=\"wpb_text_column wpb_content_element  \">\n<div class=\"wpb_wrapper\">\n<p>La Federaci\u00f3 Socialista de Menorca ha reelegit Susana Mora com a Secret\u00e0ria General en el seu 14\u00e8 congr\u00e9s, que s\u2019ha celebrat aquest cap de setmana a Sant Llu\u00eds i que ha comptat amb la participaci\u00f3 del secretari d\u2019organitzaci\u00f3 del PSIB-PSOE, Cosme Bonet, i del primer secretari dels Socialistes de Catalunya, Salvador Illa.<\/p>\n<p>Cosme Bonet, que ha intervingut en l\u2019acte de cloenda del Congr\u00e9s, ha destacat la figura de Susana Mora, qui liderar\u00e0 els Socialistes de Menorca per tercer mandat consecutiu, per ser \u201cla millor persona per liderar el projecte pol\u00edtic que m\u00e9s b\u00e9 representa la societat menorquina\u201d.<\/p>\n<p>\u201cEstam conven\u00e7uts que el nostre projecte pol\u00edtic \u00e9s el que millor representa el sentir de la societat menorquina i el que millor pot garantir el futur de llibertat, igualtat, drets i prosperitat compartida\u201d, ha incidit Bonet, destacant alhora que \u201cla millor persona per liderar aquest projecte \u00e9s, sense cap dubte, na Susana Mora\u201d.<\/p>\n<p>El socialista ha volgut recon\u00e8ixer tamb\u00e9 el \u201ccomprom\u00eds inq\u00fcestionable i la tasca incansable\u201d de la Comissi\u00f3 Executiva sortint durant el mandat que avui acaba, especialment els darrers dos anys, des de l\u2019esclat de la pand\u00e8mia, \u201cuna circumst\u00e0ncia que ning\u00fa no imaginava ni podia preveure el 2019, quan v\u00e0rem revalidar el suport de la ciutadania\u201d, com tamb\u00e9 a tots els socialistes que, des dels distints governs o des de l\u2019oposici\u00f3, han gestionat aquesta crisi sanit\u00e0ria.<\/p>\n<p>Respecte d\u2019aix\u00f2, Bonet ha dit que \u201csi podem reivindicar la feina feta \u00e9s perqu\u00e8 hem estat plenament coherents amb els nostres valors\u201d, com \u201cla defensa dels serveis p\u00fablics i una pol\u00edtica econ\u00f2mica clarament socialdem\u00f2crata\u201d.<\/p>\n<p>Una manera de fer, tamb\u00e9 amb el di\u00e0leg i els acords com a element central, que Bonet ha contraposat a la gesti\u00f3 que han fet altres governs de la dreta i la ultradreta, que \u201chan actuat per espuris interessos de partit o electorals\u201d. \u201cDels socialistes no es podr\u00e0 dir que haguem actuat per inter\u00e8s partidista; sempre ho hem fet mirant per l\u2019inter\u00e8s general\u201d.<\/p>\n<\/p><\/div><\/div>\n<\/div>\n<\/div>\n<\/div>\n<div class=\"col_dcha wpb_column columns small-12 medium-6 thb-dark-column\">\n<div class=\"vc_column-inner  \">\n<div class=\"wpb_wrapper\">\n<div class=\"wpb_text_column wpb_content_element  \">\n<div class=\"wpb_wrapper\">\n<p>Per la seva banda, la reelegida Secret\u00e0ria General del PSOE Menorca, Susana Mora, ha reivindicat que \u201cels socialistes deim el que feim i feim el que deim; aquest \u00e9s el nostre comprom\u00eds de sempre\u201d i ha ressaltat el valor del di\u00e0leg i la paraula \u201cper v\u00e8ncer la intoler\u00e0ncia dels intransigents i als que fan bandera de l\u2019exclusi\u00f3 dels que no pensen com ells\u201d.<\/p>\n<p>\u201cEls socialistes hem fet, feim i hem de seguir fent del di\u00e0leg el nostre millor argument pol\u00edtic\u201d, ha exposat Mora, incidint en el fet que aquesta \u00e9s senya d\u2019identitat dels governs progressistes que lideren Francina Armengol a les Illes Balears i Pedro S\u00e1nchez al conjunt de l\u2019Estat.<\/p>\n<p>Pel que fa al nou mandat que avui s\u2019inicia, Mora ha reconegut que ser\u00e0 \u201cuna etapa molt engrescadora, perqu\u00e8 tenim el comprom\u00eds i la responsabilitat de marcar el rumb que ha de seguir guiant Menorca, i ho hem de fer amb di\u00e0leg i capacitat de conv\u00e8ncer\u201d.<\/p>\n<p>En aquest sentit, Mora ha anunciat que la Federaci\u00f3 Socialista de Menorca impulsar\u00e0 \u201cun di\u00e0leg ben obert i ben franc sobre el futur m\u00e9s immediat de l\u2019illa, sobre la ind\u00fastria tur\u00edstica del futur i la sostenibilitat del model, la seva relaci\u00f3 amb el camp i la mar, amb l\u2019artesania i amb la natura, amb la cultura i amb la nostra hist\u00f2ria\u201d.<\/p>\n<p>Finalment, el primer secretari dels Socialistes de Catalunya, Salvador Illa, qui tamb\u00e9 ha intervingut en l\u2019acte p\u00fablic de cloenda del Congr\u00e9s, ha remarcat que \u201cla pand\u00e8mia ens ha ensenyat a tornar a posar de moda la pol\u00edtica dels acords\u201d, i ha posat d\u2019exemple el Govern presidit per Francina Armengol, alhora que ha est\u00e8s la m\u00e0 als Socialistes de les Illes Balears i de Menorca per unir esfor\u00e7os amb els Socialistes de Catalunya.<\/p>\n<p>&nbsp;<\/p>\n<p><strong>Comissi\u00f3 Executiva<\/strong><\/p>\n<p>PRESIDENT Xisco Ametller<\/p>\n<p>SECRETARIA GENERAL Susana Mora<\/p>\n<p>VICESECRETARI GENERAL Miquel Company<\/p>\n<p>SECRETARIA D&#8217;ORGANITZACI\u00d3 Dami\u00e0 Borr\u00e0s<\/p>\n<p>SECRETARI DE RELACIONS INSTITUCIONALS I SUPORT A LES AGRUPACIONS LOCALS Pilar Carbonero<\/p>\n<p>SECRETARIA DE POL\u00cdTICA SOCIAL, IGUALTAT I DIVERSITAT B\u00e0rbara Torrent<\/p>\n<p>SECRETARIA DE POL\u00cdTIQUES EUROPEES I R+D+I Pepe Mercadal<\/p>\n<p>SECRETARIA DE POL\u00cdTICA TERRITORIAL Vero Llufriu<\/p>\n<p>SECRETARIA D&#8217;ECONOMIA I TURISME Pilar Pons<\/p>\n<p>SECRETARIA DE CUTURA I EDUCACI\u00d3 Joan Coll<\/p>\n<p>SECETARIA DE RELACIONS AMB ENTITATS I ASSOCIACIONS Sandra Moll<\/p>\n<p>SECRETARIA D&#8217;IMPULS A LA SOSTENIBILITAT I L&#8217;AGENDA 2030 Carol Marqu\u00e8s<\/p>\n<p>SECRETARIA DE POL\u00cdTICA MUNICIPAL H\u00e9ctor Pons<\/p>\n<p>SECRETARIA D&#8217;ACCI\u00d3 ELECTORAL Cristina Font<\/p>\n<p>VOCALS Noem\u00ed Gomila, Bep Pastrana, Elena Costa, Jos\u00e9 Carbonell, Joana Escandell, \u00d3scar Pascual, Noem\u00ed Camps, Pau Morl\u00e0, Lali Garriga i Antoni Perea.<\/p>\n<\/p><\/div><\/div>\n<\/div>\n<\/div>\n<\/div>\n<\/div>\n<p>Source: Federaci\u00f3 de Menorca &#8211; Portada FSM<\/p>\n","protected":false},"excerpt":{"rendered":"<p>El Secretari d\u2019Organitzaci\u00f3 del PSIB-PSOE ha acompanyat Susana Mora en la seva reelecci\u00f3 com a Secret\u00e0ria General del PSOE Menorca La Federaci\u00f3 Socialista de Menorca ha reelegit Susana Mora com a Secret\u00e0ria General en el seu 14\u00e8 congr\u00e9s, que s\u2019ha celebrat aquest cap de setmana a Sant Llu\u00eds i que ha comptat amb la participaci\u00f3&hellip;<\/p>\n","protected":false},"author":1,"featured_media":26075,"comment_status":"closed","ping_status":"open","sticky":false,"template":"","format":"standard","meta":{"footnotes":""},"categories":[2,1,92],"tags":[95],"class_list":["post-26074","post","type-post","status-publish","format-standard","has-post-thumbnail","hentry","category-federacio-de-menorca","category-federacio-de-menorca-portada","category-portada","tag-agrupacio-socialista-de-soller"],"_links":{"self":[{"href":"https:\/\/www.psib-psoe.org\/menorca\/wp-json\/wp\/v2\/posts\/26074"}],"collection":[{"href":"https:\/\/www.psib-psoe.org\/menorca\/wp-json\/wp\/v2\/posts"}],"about":[{"href":"https:\/\/www.psib-psoe.org\/menorca\/wp-json\/wp\/v2\/types\/post"}],"author":[{"embeddable":true,"href":"https:\/\/www.psib-psoe.org\/menorca\/wp-json\/wp\/v2\/users\/1"}],"replies":[{"embeddable":true,"href":"https:\/\/www.psib-psoe.org\/menorca\/wp-json\/wp\/v2\/comments?post=26074"}],"version-history":[{"count":0,"href":"https:\/\/www.psib-psoe.org\/menorca\/wp-json\/wp\/v2\/posts\/26074\/revisions"}],"wp:featuredmedia":[{"embeddable":true,"href":"https:\/\/www.psib-psoe.org\/menorca\/wp-json\/wp\/v2\/media\/26075"}],"wp:attachment":[{"href":"https:\/\/www.psib-psoe.org\/menorca\/wp-json\/wp\/v2\/media?parent=26074"}],"wp:term":[{"taxonomy":"category","embeddable":true,"href":"https:\/\/www.psib-psoe.org\/menorca\/wp-json\/wp\/v2\/categories?post=26074"},{"taxonomy":"post_tag","embeddable":true,"href":"https:\/\/www.psib-psoe.org\/menorca\/wp-json\/wp\/v2\/tags?post=26074"}],"curies":[{"name":"wp","href":"https:\/\/api.w.org\/{rel}","templated":true}]}}