{"id":26097,"date":"2022-02-11T15:26:37","date_gmt":"2022-02-11T13:26:37","guid":{"rendered":"http:\/\/www.psib-psoe.org\/menorca\/?p=26097"},"modified":"2022-02-11T15:27:52","modified_gmt":"2022-02-11T13:27:52","slug":"el-psoe-menorca-valora-molt-positivament-que-la-llei-de-turisme-de-balears-incorpori-la-seva-proposta-duna-moratoria-de-noves-places-turistiques","status":"publish","type":"post","link":"https:\/\/www.psib-psoe.org\/menorca\/el-psoe-menorca-valora-molt-positivament-que-la-llei-de-turisme-de-balears-incorpori-la-seva-proposta-duna-moratoria-de-noves-places-turistiques\/","title":{"rendered":"El PSOE Menorca valora molt positivament que la Llei de Turisme de Balears incorpori la seva proposta d\u2019una morat\u00f2ria de noves places tur\u00edstiques"},"content":{"rendered":"<div class=\"wpb-content-wrapper\">[vc_row el_class=&#8221;intro&#8221;][vc_column][vc_column_text]<strong>La Llei refor\u00e7a el model tur\u00edstic, territorial i econ\u00f2mic pel qual Menorca i el PSOE han apostant des de fa molt de temps<\/strong>[\/vc_column_text][\/vc_column][\/vc_row][vc_row][vc_column width=&#8221;1\/2&#8243;][vc_column_text]El PSOE Menorca valora molt positivament l\u2019aprovaci\u00f3 de la nova llei tur\u00edstica de les Illes Balears, \u201cque refor\u00e7a el model tur\u00edstic, territorial i econ\u00f2mic pel qual Menorca i el PSOE han estat apostant des de fa molt de temps\u201d.<\/p>\n<p>Com ha afirmat la Secret\u00e0ria General, Susana Mora, \u201camb aquesta llei, \u201cBalears es menorquinitza\u201d, i valora molt positivament que la llei incorpori, \u201ctal com hem proposat, una morat\u00f2ria de noves places tur\u00edstiques, coherent amb all\u00f2 que defensam pel creixement sostenible de Menorca\u201d.<\/p>\n<p>Els socialistes afirmen que la nova llei tur\u00edstica \u201cfa una passa clara i valenta per la qualitat tur\u00edstica, entesa com un objectiu que ha de beneficiar tota la societat\u201d. Afegeixen que \u201cla nova llei significar\u00e0 un avan\u00e7 transcendental per a la seguretat i la salut laboral i la qualitat en el treball per a les persones que es dediquen a la ind\u00fastria\u00a0 tur\u00edstica. I a la vegada permetr\u00e0 avan\u00e7ar de manera clara i decidida en el model de protecci\u00f3 ambiental i territorial pel qual Menorca ha apostat, des de l\u2019aprovaci\u00f3 primera del PTI l\u2019any 1999\u201d.<\/p>\n<p>A m\u00e9s, sostenen que la llei \u201cdonar\u00e0 un gran impuls a l\u2019economia circular, tot ajudant a consolidar i enfortir les estrat\u00e8gies de Menorca, en favor de la conservaci\u00f3 dels recursos naturals a partir d\u2019afavorir la seva reutilitzaci\u00f3\u201d.[\/vc_column_text][\/vc_column][vc_column width=&#8221;1\/2&#8243;][vc_column_text]Per altra banda, \u201cla simplificaci\u00f3 administrativa i l\u2019agilitat en la tramitaci\u00f3 que permetr\u00e0 la nova llei far\u00e0 que els objectius\u00a0 en favor de la millora ambiental i la circularitat econ\u00f2mica es puguin aconseguir de manera m\u00e9s r\u00e0pida i eficient. I permetr\u00e0 que cada vegada m\u00e9s sectors productius puguin participar activament dels beneficis de l\u2019activitat tur\u00edstica. Uns beneficis que han de poder arribar de manera directa o indirecta a tota la societat menorquina i, de manera especial, a les persones que es dediquen a les\u00a0 activitats vinculades al camp i a la mar\u201d.<\/p>\n<p>Els socialistes menorquins es congratulen que les seves estrat\u00e8gies a favor de l\u2019economia circular i la sostenibilitat \u201chagin estat escoltades pel govern de les Illes Balears\u201d. I agraeixen, \u201cde manera ben especial\u201d, que la llei incorpori, \u201ctal com hem proposat\u201d, una morat\u00f2ria de noves places tur\u00edstiques, coherent amb el PTI que properament aprovar\u00e0 de manera definitiva el Consell Insular de Menorca. Segons els socialistes, \u201ca\u00e7\u00f2 permetr\u00e0 definir un horitz\u00f3 de qualitat i de prosperitat per la nostra principal ind\u00fastria, des de el debat ser\u00e8 i la concertaci\u00f3 social\u201d. I conclouen: \u201cvolem que el turisme continu\u00ef sent el primer motor de la nostra economia. La prosperitat que el turisme genera ha de poder arribar a tota la societat menorquina i ha d\u2019afavorir el benestar de totes i de tots\u201d.[\/vc_column_text][\/vc_column][\/vc_row]\n<\/div>","protected":false},"excerpt":{"rendered":"<p>[vc_row el_class=&#8221;intro&#8221;][vc_column][vc_column_text]La Llei refor\u00e7a el model tur\u00edstic, territorial i econ\u00f2mic pel qual Menorca i el PSOE han apostant des de fa molt de temps[\/vc_column_text][\/vc_column][\/vc_row][vc_row][vc_column width=&#8221;1\/2&#8243;][vc_column_text]El PSOE Menorca valora molt positivament l\u2019aprovaci\u00f3 de la nova llei tur\u00edstica de les Illes Balears, \u201cque refor\u00e7a el model tur\u00edstic, territorial i econ\u00f2mic pel qual Menorca i el PSOE han&hellip;<\/p>\n","protected":false},"author":6,"featured_media":0,"comment_status":"open","ping_status":"open","sticky":false,"template":"","format":"standard","meta":{"footnotes":""},"categories":[2,1,92],"tags":[],"class_list":["post-26097","post","type-post","status-publish","format-standard","hentry","category-federacio-de-menorca","category-federacio-de-menorca-portada","category-portada"],"_links":{"self":[{"href":"https:\/\/www.psib-psoe.org\/menorca\/wp-json\/wp\/v2\/posts\/26097"}],"collection":[{"href":"https:\/\/www.psib-psoe.org\/menorca\/wp-json\/wp\/v2\/posts"}],"about":[{"href":"https:\/\/www.psib-psoe.org\/menorca\/wp-json\/wp\/v2\/types\/post"}],"author":[{"embeddable":true,"href":"https:\/\/www.psib-psoe.org\/menorca\/wp-json\/wp\/v2\/users\/6"}],"replies":[{"embeddable":true,"href":"https:\/\/www.psib-psoe.org\/menorca\/wp-json\/wp\/v2\/comments?post=26097"}],"version-history":[{"count":0,"href":"https:\/\/www.psib-psoe.org\/menorca\/wp-json\/wp\/v2\/posts\/26097\/revisions"}],"wp:attachment":[{"href":"https:\/\/www.psib-psoe.org\/menorca\/wp-json\/wp\/v2\/media?parent=26097"}],"wp:term":[{"taxonomy":"category","embeddable":true,"href":"https:\/\/www.psib-psoe.org\/menorca\/wp-json\/wp\/v2\/categories?post=26097"},{"taxonomy":"post_tag","embeddable":true,"href":"https:\/\/www.psib-psoe.org\/menorca\/wp-json\/wp\/v2\/tags?post=26097"}],"curies":[{"name":"wp","href":"https:\/\/api.w.org\/{rel}","templated":true}]}}