{"id":26101,"date":"2022-03-05T08:00:19","date_gmt":"2022-03-05T06:00:19","guid":{"rendered":"http:\/\/www.psib-psoe.org\/menorca\/?p=26101"},"modified":"2022-05-13T12:07:59","modified_gmt":"2022-05-13T10:07:59","slug":"lordre-mundial-despres-de-latac-de-putin","status":"publish","type":"post","link":"https:\/\/www.psib-psoe.org\/menorca\/lordre-mundial-despres-de-latac-de-putin\/","title":{"rendered":"&#8220;L\u2019ordre mundial despr\u00e9s de l\u2019atac de Putin&#8221;, per Pepe Mercadal"},"content":{"rendered":"<div class=\"wpb-content-wrapper\">[vc_row el_class=&#8221;img_noticia&#8221;][vc_column][vc_single_image image=&#8221;26102&#8243; img_size=&#8221;full&#8221;][\/vc_column][\/vc_row][vc_row el_class=&#8221;intro&#8221;][vc_column][vc_column_text][\/vc_column_text][\/vc_column][\/vc_row][vc_row][vc_column width=&#8221;1\/2&#8243;][vc_column_text]L\u2019agressi\u00f3 del r\u00e8gim de Putin per envair Ucra\u00efna ens ha colpejat a tots i totes. Des de fa mesos, els serveis d\u2019intel\u00b7lig\u00e8ncia europeus i americans ens avisaven, per\u00f2 no ens pod\u00edem fer a la idea que la guerra torn\u00e9s a Europa. La invasi\u00f3 d\u2019Ucra\u00efna suposa una violaci\u00f3 a la sobirania nacional del pa\u00eds i al dret internacional, per\u00f2 \u00e9s tamb\u00e9 un atac als valors fonamentals sobre els quals se sustenta la Uni\u00f3 Europea: la dignitat humana, la llibertat, la democr\u00e0cia, la igualtat, l\u2019Estat de Dret i els drets humans.<\/p>\n<p>Per aquests motius, des del PSOE Menorca celebram que el Consell Insular i els vuit ajuntaments de l\u2019illa es posessin d\u2019acord en una declaraci\u00f3 conjunta condemnant sense pal\u00b7liatius l\u2019agressi\u00f3 russa. Volem mostrar la nostra solidaritat amb el poble ucra\u00efn\u00e8s i aquesta solidaritat es demostra ajudant. Ajudant a les persones que fugen del conflicte, amb donacions que ja s\u2019han posat en marxa a la nostra illa, per\u00f2 tamb\u00e9 ajudant a aquells que es queden per defensar la sobirania nacional del seu pa\u00eds. Com va dir Volod\u00edmir Zelenski en la seva intervenci\u00f3 al ple del Parlament Europeu aquest passat dimarts, els ucra\u00efnesos i les ucra\u00efneses \u201cestem donant les nostres vides per a aconseguir la igualtat que teniu a la Uni\u00f3 Europea\u201d. No podem deixar-los sols.<\/p>\n<p>Ben segur, la invasi\u00f3 d\u2019Ucra\u00efna marcar\u00e0 un abans i un despr\u00e9s per a l\u2019ordre global. Un ordre global que, tot i que molt imperfecte, des del final de la Segona Guerra Mundial i especialment durant la d\u00e8cada dels anys noranta ha estat marcat per l\u2019impuls del multilateralisme. Les organitzacions internacionals, el dret internacional i la diplom\u00e0cia havien guanyat pes com a mecanismes de resoluci\u00f3 de conflictes entre estats. L\u2019enteniment era la norma i les agressions territorials havien passat a ser l\u2019excepci\u00f3.<span class=\"Apple-converted-space\">\u00a0<\/span><\/p>\n<p>Per\u00f2 l\u2019ordre global multilateral ha patit una erosi\u00f3 durant l\u2019\u00faltima d\u00e8cada, moltes vegades per errors dels seus impulsors, els pa\u00efsos occidentals. La guerra d\u2019Iraq (amb tortures a presoners), les conseq\u00fc\u00e8ncies de la intervenci\u00f3 a L\u00edbia, o, especialment, el drama humanitari al Mediterrani s\u00f3n exemples que han restat molta credibilitat a Europa i la resta de pa\u00efsos occidentals per a defensar un ordre global on prevalgui el respecte als drets humans.<\/p>\n<p>De la mateixa manera, el poder de les democr\u00e0cies al m\u00f3n s\u2019ha debilitat tamb\u00e9 per la seva situaci\u00f3 interna. Les nostres societats s\u00f3n m\u00e9s riques que mai, per\u00f2 bona part de les persones que en formen part no gaudeixen d\u2019aquesta riquesa. La desigualtat econ\u00f2mica impera en les societats occidentals i es va visibilitat i accentuar en la Crisi Financera de 2008. Aquesta desigualtat, que t\u00e9 un efecte polaritzador, causa que el model de governan\u00e7a democr\u00e0tic resulti menys atractiu que abans per les societats que viuen en r\u00e8gims autoritaris.[\/vc_column_text][\/vc_column][vc_column width=&#8221;1\/2&#8243;][vc_column_text]A m\u00e9s, la inestabilitat pol\u00edtica i la for\u00e7a que han guanyat les opcions antisistema, especialment als Estats Units, debiliten la posici\u00f3 dels governs de les democr\u00e0cies al m\u00f3n.<\/p>\n<p>Tant Xi Jinping com Vlad\u00edmir Putin, l\u00edders de les dues pot\u00e8ncies mundials autorit\u00e0ries, la Xina i R\u00fassia, han explotat aquestes debilitats i contradiccions d\u2019Occident. Han fomentat una visi\u00f3 del m\u00f3n on el sistema democr\u00e0tic est\u00e0 en decad\u00e8ncia per la seva inefici\u00e8ncia i les seves divisions internes, i on els seus models de gesti\u00f3 autoritaris prevalen. Amb aquest missatge frenen l\u2019oposici\u00f3 interna, es projecten com a referents per a tercers pa\u00efsos i fan capitular l\u2019onada democratitzadora de finals de segle XX.<\/p>\n<p>Com diem, el canvi en l\u2019ordre mundial \u00e9s segur. El que no est\u00e0 decidit \u00e9s cap a quina direcci\u00f3 canviar\u00e0. Una opci\u00f3 \u00e9s que, amb la invasi\u00f3 d\u2019Ucra\u00efna, Putin assesti el cop definitiu al multilateralisme impulsat per les democr\u00e0cies occidentals. Tornar\u00edem a un m\u00f3n an\u00e0rquic on els tractats internacionals quedarien relegats i on veur\u00edem m\u00e9s agressions territorials. Els pa\u00efsos de l\u2019antiga \u00e0rea d\u2019influ\u00e8ncia sovi\u00e8tica que avui s\u00f3n democr\u00e0cies estarien en perill i tamb\u00e9 augmentaria la tensi\u00f3 a l\u2019\u00c0sia oriental, especialment amb una possible invasi\u00f3 de Taiwan per part de l\u2019ex\u00e8rcit xin\u00e8s. En aquest escenari, R\u00fassia, tot i les sancions econ\u00f2miques, aconseguiria crear una esfera financera i comercial paral\u00b7lela amb la Xina.<\/p>\n<p>Per\u00f2 nosaltres creiem que, tot i l\u2019esgarrifan\u00e7a que provoca la situaci\u00f3 a Ucra\u00efna, hi ha motius per ser optimistes. Creiem que la resposta que est\u00e0 donant la UE en particular i Occident en general a l\u2019atac de Putin pot ser el principi d\u2019un renaixement de les democr\u00e0cies. \u00c9s l\u2019hora de qu\u00e8 la UE es doti de les capacitats necess\u00e0ries en pol\u00edtica exterior per a defensar la legalitat internacional i els drets humans amb accions, no nom\u00e9s amb declaracions. L\u2019a\u00efllament internacional del r\u00e8gim de Putin ha de continuar i intensificar-se, limitant progressivament la compra de gas i petroli rus, fins a fer insostenible el govern de Putin i els seus oligarques. A m\u00e9s, l\u2019acord un\u00e0nime dels Estats Membres per a permetre l\u2019acollida dels refugiats ucra\u00efnesos, garantint-los el dret a viure i treballar a la UE, ha de ser un precedent per aconseguir d\u2019una vegada per totes un pacte d\u2019asil que asseguri un tracte digne tamb\u00e9 als refugiats que arriben d\u2019altres indrets del m\u00f3n. Finalment, les democr\u00e0cies han de lluitar contra la desigualtat econ\u00f2mica que divideix les nostres societats amb pol\u00edtiques expansives, cercant la igualtat d\u2019oportunitats i prenent el Pla de Recuperaci\u00f3 Europeu com a exemple.<\/p>\n<p>Avui, des del PSOE Menorca mostram la nostra solidaritat amb tots els ucra\u00efnesos i les ucra\u00efneses i condemnam l\u2019atac de Putin. Per\u00f2 tamb\u00e9 pensam en el futur, en m\u00f3n que volem i pel qual est\u00e0 lluitat el poble d\u2019Ucra\u00efna. Si no els deixam sols, estem segurs que el b\u00e9 acabar\u00e0 vencent.[\/vc_column_text][\/vc_column][\/vc_row]\n<\/div>","protected":false},"excerpt":{"rendered":"<p>[vc_row el_class=&#8221;img_noticia&#8221;][vc_column][vc_single_image image=&#8221;26102&#8243; img_size=&#8221;full&#8221;][\/vc_column][\/vc_row][vc_row el_class=&#8221;intro&#8221;][vc_column][vc_column_text][\/vc_column_text][\/vc_column][\/vc_row][vc_row][vc_column width=&#8221;1\/2&#8243;][vc_column_text]L\u2019agressi\u00f3 del r\u00e8gim de Putin per envair Ucra\u00efna ens ha colpejat a tots i totes. Des de fa mesos, els serveis d\u2019intel\u00b7lig\u00e8ncia europeus i americans ens avisaven, per\u00f2 no ens pod\u00edem fer a la idea que la guerra torn\u00e9s a Europa. La invasi\u00f3 d\u2019Ucra\u00efna suposa una violaci\u00f3 a la sobirania&hellip;<\/p>\n","protected":false},"author":6,"featured_media":26102,"comment_status":"open","ping_status":"open","sticky":false,"template":"","format":"standard","meta":{"footnotes":""},"categories":[2,1,92],"tags":[],"class_list":["post-26101","post","type-post","status-publish","format-standard","has-post-thumbnail","hentry","category-federacio-de-menorca","category-federacio-de-menorca-portada","category-portada"],"_links":{"self":[{"href":"https:\/\/www.psib-psoe.org\/menorca\/wp-json\/wp\/v2\/posts\/26101"}],"collection":[{"href":"https:\/\/www.psib-psoe.org\/menorca\/wp-json\/wp\/v2\/posts"}],"about":[{"href":"https:\/\/www.psib-psoe.org\/menorca\/wp-json\/wp\/v2\/types\/post"}],"author":[{"embeddable":true,"href":"https:\/\/www.psib-psoe.org\/menorca\/wp-json\/wp\/v2\/users\/6"}],"replies":[{"embeddable":true,"href":"https:\/\/www.psib-psoe.org\/menorca\/wp-json\/wp\/v2\/comments?post=26101"}],"version-history":[{"count":0,"href":"https:\/\/www.psib-psoe.org\/menorca\/wp-json\/wp\/v2\/posts\/26101\/revisions"}],"wp:featuredmedia":[{"embeddable":true,"href":"https:\/\/www.psib-psoe.org\/menorca\/wp-json\/wp\/v2\/media\/26102"}],"wp:attachment":[{"href":"https:\/\/www.psib-psoe.org\/menorca\/wp-json\/wp\/v2\/media?parent=26101"}],"wp:term":[{"taxonomy":"category","embeddable":true,"href":"https:\/\/www.psib-psoe.org\/menorca\/wp-json\/wp\/v2\/categories?post=26101"},{"taxonomy":"post_tag","embeddable":true,"href":"https:\/\/www.psib-psoe.org\/menorca\/wp-json\/wp\/v2\/tags?post=26101"}],"curies":[{"name":"wp","href":"https:\/\/api.w.org\/{rel}","templated":true}]}}