{"id":26108,"date":"2022-03-11T15:59:45","date_gmt":"2022-03-11T13:59:45","guid":{"rendered":"http:\/\/www.psib-psoe.org\/menorca\/?p=26108"},"modified":"2022-05-13T11:56:23","modified_gmt":"2022-05-13T09:56:23","slug":"sandra-moll-elegida-secretaria-general-del-psoe-ciutadella","status":"publish","type":"post","link":"https:\/\/www.psib-psoe.org\/menorca\/sandra-moll-elegida-secretaria-general-del-psoe-ciutadella\/","title":{"rendered":"Sandra Moll, elegida secret\u00e0ria general del PSOE Ciutadella"},"content":{"rendered":"<div class=\"wpb-content-wrapper\">[vc_row el_class=&#8221;img_noticia&#8221;][vc_column][vc_single_image image=&#8221;26109&#8243; img_size=&#8221;full&#8221;][\/vc_column][\/vc_row][vc_row el_class=&#8221;intro&#8221;][vc_column][vc_column_text]Guanyar les eleccions de 2023, refor\u00e7ar la comunicaci\u00f3 interna i externa de l&#8217;agrupaci\u00f3 i apropar el partit a la ciutadania, entre els principals objectius de la nova executiva[\/vc_column_text][\/vc_column][\/vc_row][vc_row][vc_column width=&#8221;1\/2&#8243;][vc_column_text]El PSOE Ciutadella ha celebrat la seva assemblea d&#8217;inici de mandat i renovaci\u00f3 de c\u00e0rrecs, on Sandra Moll ha estat elegida secret\u00e0ria general de l&#8217;agrupaci\u00f3 per als seg\u00fcents quatre anys. L&#8217;acte, que ha tingut lloc a la seu de l&#8217;agrupaci\u00f3, ha comptat amb l&#8217;assist\u00e8ncia de la secret\u00e0ria general del PSOE Menorca, Susana Mora, aix\u00ed com d&#8217;altres companys i companyes de l&#8217;executiva insular, com Dami\u00e0 Borr\u00e0s o Juana Escandell.<span class=\"Apple-converted-space\">\u00a0<\/span><\/p>\n<p>Sandra Moll ha comen\u00e7at el seu discurs agra\u00efnt la confian\u00e7a per haver estat elegida com a secret\u00e0ria general de l&#8217;agrupaci\u00f3 de Ciutadella. A m\u00e9s, ha assegurat que &#8220;uns dels principals objectius d&#8217;aquesta nova executiva \u00e9s, precisament, agafar el testimoni dels companys que ens han precedit i seguir fent feina perqu\u00e8 el PSOE de Ciutadella guanyi les eleccions del 2023&#8221;.<\/p>\n<p>Aquest principal objectiu passa per &#8220;refor\u00e7ar la comunicaci\u00f3 tant interna com externa de l&#8217;agrupaci\u00f3 i donar m\u00e9s visibilitat a tota la feina que est\u00e0 fent el PSOE en benefici del municipi&#8221;.[\/vc_column_text][\/vc_column][vc_column width=&#8221;1\/2&#8243;][vc_column_text]A part, &#8220;\u00e9s important mantenir la seu de l&#8217;agrupaci\u00f3 oberta per els ciutadans, per rebre els seus suggeriments i ser capa\u00e7os d&#8217;oferir-los una soluci\u00f3 adaptada a les seves necessitats&#8221;.<\/p>\n<p>Per \u00faltim, la socialista s&#8217;ha proposat continuar fent feina per &#8220;apropar el partit a la ciutadania i per intentar augmentar el nombre de militants de l&#8217;agrupaci\u00f3, ja que aquests s\u00f3n el motor i la base de Partit Socialista&#8221;. Moll ha concl\u00f2s refor\u00e7ant la idea que &#8220;\u00e9s imprescindible donar a con\u00e8ixer qui s\u00f3n totes les persones que formam part del projecte socialista i, sobretot, explicar el nostre full de ruta per a Ciutadella&#8221;.<span class=\"Apple-converted-space\">\u00a0<\/span><\/p>\n<p>Aix\u00ed, a Sandra Moll li acompanyen la secret\u00e0ria d&#8217;organitzaci\u00f3, Regina Muntaner; el secretari de pol\u00edtica municipal, Josep Pastrana; el secretari d&#8217;acci\u00f3 electoral, Joan Mascar\u00f3; la secret\u00e0ria de comunicaci\u00f3, Noem\u00ed Camps, i Andreu Bosch i Carol Cerd\u00e0 com a vocals. Quant als membres que formaran part del Comit\u00e8 Insular, seran Joan Mascar\u00f3, Andreu Bosch, Pilar Segu\u00ed i Toni Febrer.<span class=\"Apple-converted-space\">\u00a0<\/span>[\/vc_column_text][\/vc_column][\/vc_row][vc_row][vc_column][vc_empty_space][\/vc_column][\/vc_row][vc_row][vc_column][vc_video link=&#8221;https:\/\/www.youtube.com\/watch?v=LU_DaZfYSgc&#8221;][\/vc_column][\/vc_row]\n<\/div>","protected":false},"excerpt":{"rendered":"<p>[vc_row el_class=&#8221;img_noticia&#8221;][vc_column][vc_single_image image=&#8221;26109&#8243; img_size=&#8221;full&#8221;][\/vc_column][\/vc_row][vc_row el_class=&#8221;intro&#8221;][vc_column][vc_column_text]Guanyar les eleccions de 2023, refor\u00e7ar la comunicaci\u00f3 interna i externa de l&#8217;agrupaci\u00f3 i apropar el partit a la ciutadania, entre els principals objectius de la nova executiva[\/vc_column_text][\/vc_column][\/vc_row][vc_row][vc_column width=&#8221;1\/2&#8243;][vc_column_text]El PSOE Ciutadella ha celebrat la seva assemblea d&#8217;inici de mandat i renovaci\u00f3 de c\u00e0rrecs, on Sandra Moll ha estat elegida secret\u00e0ria general&hellip;<\/p>\n","protected":false},"author":6,"featured_media":26109,"comment_status":"open","ping_status":"open","sticky":false,"template":"","format":"standard","meta":{"footnotes":""},"categories":[89,1,92],"tags":[],"class_list":["post-26108","post","type-post","status-publish","format-standard","has-post-thumbnail","hentry","category-consell-de-menorca","category-federacio-de-menorca-portada","category-portada"],"_links":{"self":[{"href":"https:\/\/www.psib-psoe.org\/menorca\/wp-json\/wp\/v2\/posts\/26108"}],"collection":[{"href":"https:\/\/www.psib-psoe.org\/menorca\/wp-json\/wp\/v2\/posts"}],"about":[{"href":"https:\/\/www.psib-psoe.org\/menorca\/wp-json\/wp\/v2\/types\/post"}],"author":[{"embeddable":true,"href":"https:\/\/www.psib-psoe.org\/menorca\/wp-json\/wp\/v2\/users\/6"}],"replies":[{"embeddable":true,"href":"https:\/\/www.psib-psoe.org\/menorca\/wp-json\/wp\/v2\/comments?post=26108"}],"version-history":[{"count":0,"href":"https:\/\/www.psib-psoe.org\/menorca\/wp-json\/wp\/v2\/posts\/26108\/revisions"}],"wp:featuredmedia":[{"embeddable":true,"href":"https:\/\/www.psib-psoe.org\/menorca\/wp-json\/wp\/v2\/media\/26109"}],"wp:attachment":[{"href":"https:\/\/www.psib-psoe.org\/menorca\/wp-json\/wp\/v2\/media?parent=26108"}],"wp:term":[{"taxonomy":"category","embeddable":true,"href":"https:\/\/www.psib-psoe.org\/menorca\/wp-json\/wp\/v2\/categories?post=26108"},{"taxonomy":"post_tag","embeddable":true,"href":"https:\/\/www.psib-psoe.org\/menorca\/wp-json\/wp\/v2\/tags?post=26108"}],"curies":[{"name":"wp","href":"https:\/\/api.w.org\/{rel}","templated":true}]}}