{"id":26126,"date":"2022-04-10T14:59:04","date_gmt":"2022-04-10T12:59:04","guid":{"rendered":"http:\/\/www.psib-psoe.org\/menorca\/?p=26126"},"modified":"2022-04-10T14:59:04","modified_gmt":"2022-04-10T12:59:04","slug":"el-psoe-menorca-manten-el-seu-compromis-en-aprovar-la-llei-menorca-reserva-de-biosfera-amb-la-maxima-solidesa-juridica-que-mereix","status":"publish","type":"post","link":"https:\/\/www.psib-psoe.org\/menorca\/el-psoe-menorca-manten-el-seu-compromis-en-aprovar-la-llei-menorca-reserva-de-biosfera-amb-la-maxima-solidesa-juridica-que-mereix\/","title":{"rendered":"El PSOE Menorca mant\u00e9n el seu comprom\u00eds en aprovar la Llei Menorca Reserva de Biosfera amb la m\u00e0xima solidesa jur\u00eddica que mereix"},"content":{"rendered":"<div class=\"wpb-content-wrapper\">[vc_row el_class=&#8221;img_noticia&#8221;][vc_column][vc_single_image image=&#8221;26127&#8243; img_size=&#8221;full&#8221;][\/vc_column][\/vc_row][vc_row el_class=&#8221;intro&#8221;][vc_column][vc_column_text]<u>Els socialistes donen suport a la decisi\u00f3 de Susana Mora de posposar el ple que ha d\u2019aprovar aquesta normativa<\/u>[\/vc_column_text][\/vc_column][\/vc_row][vc_row][vc_column width=&#8221;1\/2&#8243;][vc_column_text]La comissi\u00f3 executiva del PSOE Menorca s\u2019ha reunit, aquest diumenge, per tractar l\u2019aprovaci\u00f3 de la Llei Menorca Reserva de Biosfera i per donar suport a la decisi\u00f3 coherent i valenta de la presidenta del Consell Insular, Susana Mora, de posposar el ple que l\u2019ha d\u2019aprovar per passar a la seva posterior tramitaci\u00f3 parlament\u00e0ria.<\/p>\n<p>Aquesta decisi\u00f3 ve motivada per la presentaci\u00f3 d\u2019un informe jur\u00eddic del Ministeri per a la Transici\u00f3 Ecol\u00f2gica i Repte Demogr\u00e0fic i la necessitat d\u2019assegurar l\u2019encaix d\u2019aquesta norma amb l\u2019estructura de compet\u00e8ncies reglamentada a l\u2019estatut d\u2019autonomia. En aquest sentit, l\u2019esmentat informe ha entrat de manera posterior a la comissi\u00f3 informativa i a la presentaci\u00f3 p\u00fablica d\u2019aquesta proposta. Dictamina que existeix una possible incompatibilitat jur\u00eddica i competencial d\u2019aquesta norma i que, per tant, s\u2019ha d\u2019esmenar per corregir els desequilibris que presenta.<\/p>\n<p>El fet d\u2019ajornar l\u2019aprovaci\u00f3 de la proposici\u00f3 de Llei Menorca Reserva de Biosfera ha de suposar una continu\u00eftat de la feina feta fins ara per tal que sigui una normativa adaptada a les necessitats de Menorca i, sobretot, a la legalitat jur\u00eddica que es mereix una norma d\u2019aquestes caracter\u00edstiques.<\/p>\n<p>El PSOE Menorca segueix amb el seu ferm comprom\u00eds de seguir endavant amb la Llei Menorca Reserva de Biosfera, una llei fonamental que ha estat treballada des de la voluntat d\u2019acord i feta des de Menorca per a Menorca.[\/vc_column_text][\/vc_column][vc_column width=&#8221;1\/2&#8243;][vc_column_text]De fet, aquesta normativa defensa i garanteix l\u2019equilibri i el model de desenvolupament territorial i econ\u00f2mic que defensa el PTI del 2003 i que es refor\u00e7a amb la revisi\u00f3 actual, que s\u2019aprovar\u00e0 de forma definitiva enguany.<\/p>\n<p>Per tant, cal reiterar la voluntat dels socialistes de Menorca d\u2019aprovar una llei que, a ulls dels socialistes \u00e9s positiva i del tot necess\u00e0ria, i que ha de comptar amb totes les garanties necess\u00e0ries per ser aprovada.<\/p>\n<p>Per \u00faltim, el partit valora tota la traject\u00f2ria d\u2019anys de consens de l\u2019esquerra menorquina, entorn del model territorial i de desenvolupament que han contribu\u00eft a ser distingits com a Reserva de Biosfera i que ha possibilitat projectes fonamentals per a l\u2019illa.<\/p>\n<p>Ara m\u00e9s que mai, Menorca necessita d\u2019estabilitat pol\u00edtica per encarar els reptes que t\u00e9 de futur i demana responsabilitat, pel b\u00e9 de la instituci\u00f3, pel b\u00e9 dels menorquins i menorquines i per aconseguir tirar endavant la millor Llei Menorca Reserva de Biosfera per a tots i totes.[\/vc_column_text][\/vc_column][\/vc_row]\n<\/div>","protected":false},"excerpt":{"rendered":"<p>[vc_row el_class=&#8221;img_noticia&#8221;][vc_column][vc_single_image image=&#8221;26127&#8243; img_size=&#8221;full&#8221;][\/vc_column][\/vc_row][vc_row el_class=&#8221;intro&#8221;][vc_column][vc_column_text]Els socialistes donen suport a la decisi\u00f3 de Susana Mora de posposar el ple que ha d\u2019aprovar aquesta normativa[\/vc_column_text][\/vc_column][\/vc_row][vc_row][vc_column width=&#8221;1\/2&#8243;][vc_column_text]La comissi\u00f3 executiva del PSOE Menorca s\u2019ha reunit, aquest diumenge, per tractar l\u2019aprovaci\u00f3 de la Llei Menorca Reserva de Biosfera i per donar suport a la decisi\u00f3 coherent i valenta de la&hellip;<\/p>\n","protected":false},"author":6,"featured_media":26127,"comment_status":"open","ping_status":"open","sticky":false,"template":"","format":"standard","meta":{"footnotes":""},"categories":[2,1,92],"tags":[],"class_list":["post-26126","post","type-post","status-publish","format-standard","has-post-thumbnail","hentry","category-federacio-de-menorca","category-federacio-de-menorca-portada","category-portada"],"_links":{"self":[{"href":"https:\/\/www.psib-psoe.org\/menorca\/wp-json\/wp\/v2\/posts\/26126"}],"collection":[{"href":"https:\/\/www.psib-psoe.org\/menorca\/wp-json\/wp\/v2\/posts"}],"about":[{"href":"https:\/\/www.psib-psoe.org\/menorca\/wp-json\/wp\/v2\/types\/post"}],"author":[{"embeddable":true,"href":"https:\/\/www.psib-psoe.org\/menorca\/wp-json\/wp\/v2\/users\/6"}],"replies":[{"embeddable":true,"href":"https:\/\/www.psib-psoe.org\/menorca\/wp-json\/wp\/v2\/comments?post=26126"}],"version-history":[{"count":0,"href":"https:\/\/www.psib-psoe.org\/menorca\/wp-json\/wp\/v2\/posts\/26126\/revisions"}],"wp:featuredmedia":[{"embeddable":true,"href":"https:\/\/www.psib-psoe.org\/menorca\/wp-json\/wp\/v2\/media\/26127"}],"wp:attachment":[{"href":"https:\/\/www.psib-psoe.org\/menorca\/wp-json\/wp\/v2\/media?parent=26126"}],"wp:term":[{"taxonomy":"category","embeddable":true,"href":"https:\/\/www.psib-psoe.org\/menorca\/wp-json\/wp\/v2\/categories?post=26126"},{"taxonomy":"post_tag","embeddable":true,"href":"https:\/\/www.psib-psoe.org\/menorca\/wp-json\/wp\/v2\/tags?post=26126"}],"curies":[{"name":"wp","href":"https:\/\/api.w.org\/{rel}","templated":true}]}}