{"id":26135,"date":"2022-04-19T13:46:11","date_gmt":"2022-04-19T11:46:11","guid":{"rendered":"http:\/\/www.psib-psoe.org\/menorca\/?p=26135"},"modified":"2022-04-20T10:18:05","modified_gmt":"2022-04-20T08:18:05","slug":"el-psoe-menorca-celebra-que-shagi-repres-laprovacio-de-la-llei-reserva-de-biosfera-perque-compta-amb-solidesa-suficient-i-que-menorca-mereix","status":"publish","type":"post","link":"https:\/\/www.psib-psoe.org\/menorca\/el-psoe-menorca-celebra-que-shagi-repres-laprovacio-de-la-llei-reserva-de-biosfera-perque-compta-amb-solidesa-suficient-i-que-menorca-mereix\/","title":{"rendered":"El PSOE Menorca celebra que s&#8217;hagi repr\u00e8s l&#8217;aprovaci\u00f3 de la Llei Reserva de Biosfera perqu\u00e8 compta amb solidesa suficient i que Menorca mereix"},"content":{"rendered":"<div class=\"wpb-content-wrapper\">[vc_row el_class=&#8221;img_noticia&#8221;][vc_column][vc_single_image image=&#8221;26136&#8243; img_size=&#8221;full&#8221;][\/vc_column][\/vc_row][vc_row el_class=&#8221;intro&#8221;][vc_column][vc_column_text][\/vc_column_text][\/vc_column][\/vc_row][vc_row][vc_column width=&#8221;1\/2&#8243;][vc_column_text]El PSOE Menorca celebra que la Presidenta del Consell Insular, Susana Mora, hagi incl\u00f2s en el plenari del proper dilluns l&#8217;aprovaci\u00f3, en all\u00f2 substancial, de la proposicio de la Llei Menorca Reserva de Bisofera amb els termes que el PSOE s&#8217;havia comprom\u00e8s: aconseguir la solidesa suficient per tal que aquesta normativa pugui ser aprovada amb la proposta elaborada des de Menorca i per a Menorca.<\/p>\n<p>De fet, el comprom\u00eds dels i les socialistes va ser, en tot moment, seguir fent feina durant els dies festius de Setmana Santa per comptar amb una Llei s\u00f2lida i amb un govern estable. &#8220;Des del primer moment vam deixar clar que, en qualsevol cas i davant qualsevol escenari, Menorca tindria Llei Reserva de Biosfera i un govern d&#8217;esquerres fort, i aix\u00ed ha estat&#8221;, ha explicat el secretari d&#8217;organitzaci\u00f3 del partit, Dami\u00e0 Borr\u00e0s.<span class=\"Apple-converted-space\">\u00a0<\/span><\/p>\n<p>Cal recordar que aquest rec\u00e9s ha vingut marcat per la presentaci\u00f3 d&#8217;un informe jur\u00eddic del Ministeri i un esborrany d&#8217;informe de l&#8217;advocacia del Govern de les Illes Balears que dictaminava que podia existir una possible incompatibilitat jur\u00eddica i competencial d&#8217;aquesta norma i que, per tant, s&#8217;havia d&#8217;esmenar per corregir qualsevol desequilibri.<span class=\"Apple-converted-space\">\u00a0 \u00a0<\/span>[\/vc_column_text][\/vc_column][vc_column width=&#8221;1\/2&#8243;][vc_column_text]Davant d&#8217;aquest escenari, i de forma coherent, la Presidenta del Consell Insular, Susana Mora, va demanar un temps de marge per poder incorporar, precisament, els preceptes jur\u00eddics i pol\u00edtics necessaris i imprescindibles per comptar amb una Llei amb la m\u00e0xima solidesa possible i que els menorquins i menorquines mereixen.<\/p>\n<p>&#8220;I ho hav\u00edem d&#8217;incorporar des de Menorca per a Menorca, perqu\u00e8 Menorca \u00e9s qui ha de decidir com ha de ser aquesta llei en q\u00fcestions substancials&#8221;, ha recordat el socialista, ja que &#8220;la resta pot i ser\u00e0 objecte de millora en la seva posterior tramitaci\u00f3 parlament\u00e0ria en el Parlament de les Illes Balears&#8221;, ha concl\u00f2s.<\/p>\n<p>Per tant, el PSOE Menorca celebra que s&#8217;hagi complert amb el comprom\u00eds que els i les socialistes s&#8217;havien marcat, complint amb el calendari establert i assolint un dels principals objectius: tenir una Llei Menorca Reserva de Biosfera millorada en all\u00f2 imprescindible i un govern d&#8217;esquerres en el Consell Insular de Menorca fort i estable.[\/vc_column_text][\/vc_column][\/vc_row]\n<\/div>","protected":false},"excerpt":{"rendered":"<p>[vc_row el_class=&#8221;img_noticia&#8221;][vc_column][vc_single_image image=&#8221;26136&#8243; img_size=&#8221;full&#8221;][\/vc_column][\/vc_row][vc_row el_class=&#8221;intro&#8221;][vc_column][vc_column_text][\/vc_column_text][\/vc_column][\/vc_row][vc_row][vc_column width=&#8221;1\/2&#8243;][vc_column_text]El PSOE Menorca celebra que la Presidenta del Consell Insular, Susana Mora, hagi incl\u00f2s en el plenari del proper dilluns l&#8217;aprovaci\u00f3, en all\u00f2 substancial, de la proposicio de la Llei Menorca Reserva de Bisofera amb els termes que el PSOE s&#8217;havia comprom\u00e8s: aconseguir la solidesa suficient per tal que aquesta&hellip;<\/p>\n","protected":false},"author":6,"featured_media":26136,"comment_status":"open","ping_status":"open","sticky":false,"template":"","format":"standard","meta":{"footnotes":""},"categories":[89,2,1,92],"tags":[],"class_list":["post-26135","post","type-post","status-publish","format-standard","has-post-thumbnail","hentry","category-consell-de-menorca","category-federacio-de-menorca","category-federacio-de-menorca-portada","category-portada"],"_links":{"self":[{"href":"https:\/\/www.psib-psoe.org\/menorca\/wp-json\/wp\/v2\/posts\/26135"}],"collection":[{"href":"https:\/\/www.psib-psoe.org\/menorca\/wp-json\/wp\/v2\/posts"}],"about":[{"href":"https:\/\/www.psib-psoe.org\/menorca\/wp-json\/wp\/v2\/types\/post"}],"author":[{"embeddable":true,"href":"https:\/\/www.psib-psoe.org\/menorca\/wp-json\/wp\/v2\/users\/6"}],"replies":[{"embeddable":true,"href":"https:\/\/www.psib-psoe.org\/menorca\/wp-json\/wp\/v2\/comments?post=26135"}],"version-history":[{"count":0,"href":"https:\/\/www.psib-psoe.org\/menorca\/wp-json\/wp\/v2\/posts\/26135\/revisions"}],"wp:featuredmedia":[{"embeddable":true,"href":"https:\/\/www.psib-psoe.org\/menorca\/wp-json\/wp\/v2\/media\/26136"}],"wp:attachment":[{"href":"https:\/\/www.psib-psoe.org\/menorca\/wp-json\/wp\/v2\/media?parent=26135"}],"wp:term":[{"taxonomy":"category","embeddable":true,"href":"https:\/\/www.psib-psoe.org\/menorca\/wp-json\/wp\/v2\/categories?post=26135"},{"taxonomy":"post_tag","embeddable":true,"href":"https:\/\/www.psib-psoe.org\/menorca\/wp-json\/wp\/v2\/tags?post=26135"}],"curies":[{"name":"wp","href":"https:\/\/api.w.org\/{rel}","templated":true}]}}