{"id":26149,"date":"2022-04-28T17:51:13","date_gmt":"2022-04-28T15:51:13","guid":{"rendered":"http:\/\/www.psib-psoe.org\/menorca\/?p=26149"},"modified":"2022-05-13T11:41:01","modified_gmt":"2022-05-13T09:41:01","slug":"carol-marques-reedita-com-a-secretaria-general-del-psoe-sant-lluis","status":"publish","type":"post","link":"https:\/\/www.psib-psoe.org\/menorca\/carol-marques-reedita-com-a-secretaria-general-del-psoe-sant-lluis\/","title":{"rendered":"Carol Marqu\u00e8s reedita com a secret\u00e0ria general del PSOE Sant Llu\u00eds"},"content":{"rendered":"<div class=\"wpb-content-wrapper\">[vc_row el_class=&#8221;img_noticia&#8221;][vc_column][vc_single_image image=&#8221;26151&#8243; img_size=&#8221;full&#8221;][\/vc_column][\/vc_row][vc_row el_class=&#8221;intro&#8221;][vc_column][vc_column_text]Toni Garcia ser\u00e0 el secretari d&#8217;organitzaci\u00f3 i S\u00edlvia P\u00e9rez la secret\u00e0ria de <span class=\"Apple-converted-space\">\u00a0<\/span> <span class=\"Apple-converted-space\">\u00a0 \u00a0 \u00a0 \u00a0 \u00a0 \u00a0 \u00a0 <\/span>pol\u00edtica municipal i tresoreria[\/vc_column_text][\/vc_column][\/vc_row][vc_row][vc_column width=&#8221;1\/2&#8243;][vc_column_text]El PSOE Sant Llu\u00eds va celebrar, el passat 28 d&#8217;abril, la seva assemblea de renovaci\u00f3 de c\u00e0rrecs. Els militants de l&#8217;agrupaci\u00f3 van confiar, de nou, la secretaria general a Carol Marqu\u00e8s, per als seg\u00fcents quatre anys.<span class=\"Apple-converted-space\">\u00a0<\/span><\/p>\n<p>En el seu discurs inicial, Marqu\u00e8s va agrair als companys i companyes que l&#8217;han acompanyada al llarg dels \u00faltims anys, &#8220;els quals seguiran formant part de l&#8217;agrupaci\u00f3 local&#8221;. Tota aquesta feina, ha remarcat, &#8220;va ser clau per tenir un govern a l&#8217;Ajuntament de Sant Llu\u00eds liderat pel PSOE&#8221;.<span class=\"Apple-converted-space\">\u00a0<\/span><\/p>\n<p>&#8220;Esteim conven\u00e7uts que el projecte progressista que tenim per a Sant Llu\u00eds ha estat molt positiu per al poble i per a les nostres zones tur\u00edstiques&#8221;, va afegir la socialista. De fet, &#8220;gr\u00e0cies a l&#8217;entesa institucional, hem creat la primera comunitat energ\u00e8tica de les Illes Balears, un dels nostres principals projectes estrella, entre d&#8217;altres&#8221;.<span class=\"Apple-converted-space\">\u00a0<\/span>[\/vc_column_text][\/vc_column][vc_column width=&#8221;1\/2&#8243;][vc_column_text]No obstant aix\u00f2, Carol Marqu\u00e8s va acabar recordant que &#8220;seguim necessitant l&#8217;empenta del PSOE per fer realitat tots aquests projectes que tenim en marxa i que volem engegar, sempre des d&#8217;una perspectiva transversal i sostenible, eixos que marquen la nostra l\u00ednia de feina&#8221;.<span class=\"Apple-converted-space\">\u00a0<\/span><\/p>\n<p><b>COMISSI\u00d3 EXECUTIVA PSOE SANT LLU\u00cdS<\/b><\/p>\n<p><b>Secret\u00e0ria General.<\/b> Carol Marqu\u00e8s<\/p>\n<p><b>Secretari d&#8217;Organitzaci\u00f3. <\/b>Toni Garcia<\/p>\n<p><b>Secret\u00e0ria de Pol\u00edtica Municipal i Tresoreria.<\/b> S\u00edlvia P\u00e9rez<\/p>\n<p><b>REPRESENTANTS PSOE SANT LLU\u00cdS EN EL COMIT\u00c8 INSULAR DEL PSOE MENORCA<\/b><\/p>\n<p>Toni Garcia i S\u00edlvia P\u00e9rez.[\/vc_column_text][\/vc_column][\/vc_row][vc_row][vc_column][vc_empty_space][\/vc_column][\/vc_row][vc_row][vc_column][vc_video link=&#8221;https:\/\/www.youtube.com\/watch?v=uzSRu669yjg&amp;t&#8221;][\/vc_column][\/vc_row]\n<\/div>","protected":false},"excerpt":{"rendered":"<p>[vc_row el_class=&#8221;img_noticia&#8221;][vc_column][vc_single_image image=&#8221;26151&#8243; img_size=&#8221;full&#8221;][\/vc_column][\/vc_row][vc_row el_class=&#8221;intro&#8221;][vc_column][vc_column_text]Toni Garcia ser\u00e0 el secretari d&#8217;organitzaci\u00f3 i S\u00edlvia P\u00e9rez la secret\u00e0ria de \u00a0 \u00a0 \u00a0 \u00a0 \u00a0 \u00a0 \u00a0 \u00a0 pol\u00edtica municipal i tresoreria[\/vc_column_text][\/vc_column][\/vc_row][vc_row][vc_column width=&#8221;1\/2&#8243;][vc_column_text]El PSOE Sant Llu\u00eds va celebrar, el passat 28 d&#8217;abril, la seva assemblea de renovaci\u00f3 de c\u00e0rrecs. Els militants de l&#8217;agrupaci\u00f3 van confiar, de nou, la secretaria&hellip;<\/p>\n","protected":false},"author":6,"featured_media":26151,"comment_status":"open","ping_status":"open","sticky":false,"template":"","format":"standard","meta":{"footnotes":""},"categories":[2,1,92,101],"tags":[],"class_list":["post-26149","post","type-post","status-publish","format-standard","has-post-thumbnail","hentry","category-federacio-de-menorca","category-federacio-de-menorca-portada","category-portada","category-sant-lluis"],"_links":{"self":[{"href":"https:\/\/www.psib-psoe.org\/menorca\/wp-json\/wp\/v2\/posts\/26149"}],"collection":[{"href":"https:\/\/www.psib-psoe.org\/menorca\/wp-json\/wp\/v2\/posts"}],"about":[{"href":"https:\/\/www.psib-psoe.org\/menorca\/wp-json\/wp\/v2\/types\/post"}],"author":[{"embeddable":true,"href":"https:\/\/www.psib-psoe.org\/menorca\/wp-json\/wp\/v2\/users\/6"}],"replies":[{"embeddable":true,"href":"https:\/\/www.psib-psoe.org\/menorca\/wp-json\/wp\/v2\/comments?post=26149"}],"version-history":[{"count":0,"href":"https:\/\/www.psib-psoe.org\/menorca\/wp-json\/wp\/v2\/posts\/26149\/revisions"}],"wp:featuredmedia":[{"embeddable":true,"href":"https:\/\/www.psib-psoe.org\/menorca\/wp-json\/wp\/v2\/media\/26151"}],"wp:attachment":[{"href":"https:\/\/www.psib-psoe.org\/menorca\/wp-json\/wp\/v2\/media?parent=26149"}],"wp:term":[{"taxonomy":"category","embeddable":true,"href":"https:\/\/www.psib-psoe.org\/menorca\/wp-json\/wp\/v2\/categories?post=26149"},{"taxonomy":"post_tag","embeddable":true,"href":"https:\/\/www.psib-psoe.org\/menorca\/wp-json\/wp\/v2\/tags?post=26149"}],"curies":[{"name":"wp","href":"https:\/\/api.w.org\/{rel}","templated":true}]}}