{"id":26192,"date":"2022-09-28T12:11:17","date_gmt":"2022-09-28T10:11:17","guid":{"rendered":"http:\/\/www.psib-psoe.org\/menorca\/?p=26192"},"modified":"2022-09-28T12:11:17","modified_gmt":"2022-09-28T10:11:17","slug":"susana-mora-tornara-a-ser-candidata-a-la-presidencia-del-consell-amb-lobjectiu-de-seguir-fent-feina-en-benefici-de-les-menorquines-i-els-menorquins","status":"publish","type":"post","link":"https:\/\/www.psib-psoe.org\/menorca\/susana-mora-tornara-a-ser-candidata-a-la-presidencia-del-consell-amb-lobjectiu-de-seguir-fent-feina-en-benefici-de-les-menorquines-i-els-menorquins\/","title":{"rendered":"Susana Mora tornar\u00e0 a ser candidata a la presid\u00e8ncia del Consell amb l&#8217;objectiu de seguir fent feina en benefici de les menorquines i els menorquins"},"content":{"rendered":"<div class=\"wpb-content-wrapper\">[vc_row el_class=&#8221;img_noticia&#8221;][vc_column][vc_single_image image=&#8221;26193&#8243; img_size=&#8221;full&#8221;][\/vc_column][\/vc_row][vc_row el_class=&#8221;intro&#8221;][vc_column][vc_column_text]La socialista considera que gr\u00e0cies a l\u2019esfor\u00e7 i la responsabilitat de les ciutadanes i els ciutadans, que han estat acompanyats en tot moment per les pol\u00edtiques progressistes que han liderat els socialistes, Menorca ha pogut avan\u00e7ar en favor de la prosperitat i el benestar de tothom[\/vc_column_text][\/vc_column][\/vc_row][vc_row][vc_column width=&#8221;1\/2&#8243;][vc_column_text]Susana Mora ha comunicat formalment al PSOE la seva intenci\u00f3 d&#8217;optar a la reelecci\u00f3 com a presidenta del Consell Insular de Menorca. \u201cEls i les socialistes som avui tant importants o m\u00e9s que mai a les institucions. I el mes de maig qui ve ho hem de seguir essent. Ho seguirem essent, n\u2019estic conven\u00e7uda\u201d, ha manifestat la presidenta del Consell.<\/p>\n<p>\u201cNom\u00e9s amb governs forts que apostin pels serveis p\u00fablics serem capa\u00e7os de fer front als grans desafiaments que ens esperen com a societat\u201d, ha insistit. \u201cHem passat uns anys molt complicats, per\u00f2 els resultats ens han donat la ra\u00f3: no hi havia cap dilema entre salut i economia, sin\u00f3 que nom\u00e9s preservant la salut de la gent pod\u00edem salvar l\u2019economia&#8221;.<span class=\"Apple-converted-space\">\u00a0<\/span><\/p>\n<p>&#8220;Aix\u00ed ha succe\u00eft gr\u00e0cies a la gran responsabilitat i el seny de les menorquines i els menorquins. I des del Consell i els ajuntaments hem estat capa\u00e7os de ser sempre al seu costat, sobretot de qui m\u00e9s necessitava\u201d, ha continuat dient la ja candidata socialista a la reelecci\u00f3, que considera que all\u00f2 que ara \u00e9s m\u00e9s important \u201c\u00e9s mirar cap endavant&#8221;.<span class=\"Apple-converted-space\">\u00a0<\/span><\/p>\n<p>&#8220;Hem de fer feina per eliminar les desigualtats que la guerra de Putin ha agreujat. I ho farem amb mesures que apostin per l\u2019equitat. Perqu\u00e8 podem afrontar el futur amb confian\u00e7a. Som una societat cohesionada, que ha demostrat qu\u00e8 vol i que sap anar a la una. Estic conven\u00e7uda que aix\u00ed ho seguirem fet&#8221;, ha afegit Susana Mora.[\/vc_column_text][\/vc_column][vc_column width=&#8221;1\/2&#8243;][vc_column_text]A partir d&#8217;aqu\u00ed, &#8220;la nostra voluntat segueix sent donar continu\u00eftat al projecte socialista, durant 4 anys m\u00e9s, tant a les institucions locals, insulars i auton\u00f2miques per seguir millorant les condicions de vida dels menorquins i de les menorquines&#8221;.<\/p>\n<p>Mora tamb\u00e9 ha volgut posar en valor que &#8220;hem demostrat que sabem fer feina des del rigor, des del debat social i des de la unitat. A\u00e7\u00f2 ha estat possible gr\u00e0cies als suport de tantes ciutadanes i de tants de ciutadans com han apostat per les pol\u00edtiques progressistes a l\u2019hora de fer front a tants de reptes com Menorca ha hagut d\u2019afrontar&#8221;.<span class=\"Apple-converted-space\">\u00a0<\/span><\/p>\n<p>A m\u00e9s, la socialista ha fet una menci\u00f3 especial als militants del partit, &#8220;que amb el seu esfor\u00e7 i dedicaci\u00f3, tant ens ajuden a tirar endavant aquesta feina conjunta, col\u00b7lectiva, que ens fa avan\u00e7ar cap a una societat cada vegada m\u00e9s solid\u00e0ria, m\u00e9s justa i m\u00e9s igualit\u00e0ria&#8221;.<\/p>\n<p>Amb tot, la l\u00edder dels socialistes ha concl\u00f2s defensant la idea que &#8220;la pol\u00edtica ha de servir sempre per transformar la nostra societat en benefici de la prosperitat i el benestar de totes les ciutadanes i tots els ciutadans i per estar, sobretot, al costat de qui m\u00e9s ho necessita\u201d. I ha afegit que \u201cles circumst\u00e0ncies en la pol\u00edtica i en la vida no es trien, per\u00f2 s\u00ed que s&#8217;elegeix l&#8217;actitud davant les circumst\u00e0ncies\u201d.<\/p>\n<p>Precisament, \u201cla nostra actitud ha estat posar sempre a l&#8217;abast de la societat pol\u00edtiques progressistes que arriben i representen a tothom, per\u00f2 que, sobretot, donen soluci\u00f3 a les necessitats i demandes de la nostra gent. Aquest ha estat, \u00e9s i ser\u00e0 el full de ruta amb qu\u00e8 ens presentarem a les eleccions de 2023&#8221;.[\/vc_column_text][\/vc_column][\/vc_row]\n<\/div>","protected":false},"excerpt":{"rendered":"<p>[vc_row el_class=&#8221;img_noticia&#8221;][vc_column][vc_single_image image=&#8221;26193&#8243; img_size=&#8221;full&#8221;][\/vc_column][\/vc_row][vc_row el_class=&#8221;intro&#8221;][vc_column][vc_column_text]La socialista considera que gr\u00e0cies a l\u2019esfor\u00e7 i la responsabilitat de les ciutadanes i els ciutadans, que han estat acompanyats en tot moment per les pol\u00edtiques progressistes que han liderat els socialistes, Menorca ha pogut avan\u00e7ar en favor de la prosperitat i el benestar de tothom[\/vc_column_text][\/vc_column][\/vc_row][vc_row][vc_column width=&#8221;1\/2&#8243;][vc_column_text]Susana Mora ha comunicat formalment&hellip;<\/p>\n","protected":false},"author":6,"featured_media":26193,"comment_status":"open","ping_status":"open","sticky":false,"template":"","format":"standard","meta":{"footnotes":""},"categories":[89,2,1,92],"tags":[],"class_list":["post-26192","post","type-post","status-publish","format-standard","has-post-thumbnail","hentry","category-consell-de-menorca","category-federacio-de-menorca","category-federacio-de-menorca-portada","category-portada"],"_links":{"self":[{"href":"https:\/\/www.psib-psoe.org\/menorca\/wp-json\/wp\/v2\/posts\/26192"}],"collection":[{"href":"https:\/\/www.psib-psoe.org\/menorca\/wp-json\/wp\/v2\/posts"}],"about":[{"href":"https:\/\/www.psib-psoe.org\/menorca\/wp-json\/wp\/v2\/types\/post"}],"author":[{"embeddable":true,"href":"https:\/\/www.psib-psoe.org\/menorca\/wp-json\/wp\/v2\/users\/6"}],"replies":[{"embeddable":true,"href":"https:\/\/www.psib-psoe.org\/menorca\/wp-json\/wp\/v2\/comments?post=26192"}],"version-history":[{"count":0,"href":"https:\/\/www.psib-psoe.org\/menorca\/wp-json\/wp\/v2\/posts\/26192\/revisions"}],"wp:featuredmedia":[{"embeddable":true,"href":"https:\/\/www.psib-psoe.org\/menorca\/wp-json\/wp\/v2\/media\/26193"}],"wp:attachment":[{"href":"https:\/\/www.psib-psoe.org\/menorca\/wp-json\/wp\/v2\/media?parent=26192"}],"wp:term":[{"taxonomy":"category","embeddable":true,"href":"https:\/\/www.psib-psoe.org\/menorca\/wp-json\/wp\/v2\/categories?post=26192"},{"taxonomy":"post_tag","embeddable":true,"href":"https:\/\/www.psib-psoe.org\/menorca\/wp-json\/wp\/v2\/tags?post=26192"}],"curies":[{"name":"wp","href":"https:\/\/api.w.org\/{rel}","templated":true}]}}