{"id":26213,"date":"2023-01-21T17:58:28","date_gmt":"2023-01-21T15:58:28","guid":{"rendered":"http:\/\/www.psib-psoe.org\/menorca\/?p=26213"},"modified":"2023-01-21T17:58:28","modified_gmt":"2023-01-21T15:58:28","slug":"susana-mora-el-psoe-es-la-millor-opcio-per-seguir-governant-les-institucions-menorquines","status":"publish","type":"post","link":"https:\/\/www.psib-psoe.org\/menorca\/susana-mora-el-psoe-es-la-millor-opcio-per-seguir-governant-les-institucions-menorquines\/","title":{"rendered":"Susana Mora: &#8220;El PSOE \u00e9s la millor opci\u00f3 per seguir governant les institucions menorquines&#8221;"},"content":{"rendered":"<div class=\"wpb-content-wrapper\">[vc_row el_class=&#8221;img_noticia&#8221;][vc_column][vc_single_image image=&#8221;26214&#8243; img_size=&#8221;full&#8221;][\/vc_column][\/vc_row][vc_row el_class=&#8221;intro&#8221;][vc_column][vc_column_text][\/vc_column_text][\/vc_column][\/vc_row][vc_row][vc_column width=&#8221;1\/2&#8243;][vc_column_text]La secret\u00e0ria general del PSOE Menorca, Susana Mora, ha comen\u00e7at el seu discurs en el Comit\u00e8 Insular fent refer\u00e8ncia al 30 aniversari de la declaraci\u00f3 de Menorca com a Reserva de Biosfera. &#8220;Una fita hist\u00f2rica assolida pels menorquins i menorquines i que persegueix l&#8217;equilibri entre la preservaci\u00f3 necess\u00e0ria del nostre territori i la generaci\u00f3 d&#8217;oportunitats&#8221;. Precisament, &#8220;l&#8217;eina que ha possibilitat que aquesta declaraci\u00f3 es doti de contingut \u00e9s el PTI, un instrument amb noms i llinatges socialistes: Joana Barcel\u00f3 i Llu\u00efsa Dub\u00f3n&#8221;.<span class=\"Apple-converted-space\">\u00a0<\/span><\/p>\n<p>Mora tamb\u00e9 ha defensat que &#8220;duim dues legislatures fent feina per a les persones i prioritzant el di\u00e0leg amb la gent&#8221;. Aquesta feina tamb\u00e9 ha passat, tal com recorda, &#8220;per reprendre el di\u00e0leg amb tots els ajuntaments a trav\u00e9s de les juntes de baltes, amb agents socials i econ\u00f2mics i amb la societat en general&#8221;.<\/p>\n<p>Lligat al m\u00f3n laboral i a l&#8217;economia, la socialista ha criticat el PP que, durant la pitjor crisi econ\u00f2mica que ha viscut Espanya, va optar per les retallades, a no fer pol\u00edtiques actives de formaci\u00f3 i ocupaci\u00f3 o a tornar fons europeus. &#8220;Quan vam entrar a governar el 2015, a Menorca ten\u00edem una mitjana a l&#8217;any de 5.090 persones desocupades, mentre que, a dia d&#8217;avui, en tenim 2.788&#8221;. Per tant, aquestes dades demostren que &#8220;l&#8217;esquerra no nom\u00e9s sap gestionar l&#8217;economia, sin\u00f3 que genera m\u00e9s oportunitats que mai&#8221;.<span class=\"Apple-converted-space\">\u00a0<\/span><\/p>\n<p>Tota la feina i la gesti\u00f3 feta fins ara \u00e9s la millor carta de presentaci\u00f3, una feina que avala el PSOE com la millor opci\u00f3 per seguir governant les diferents institucions. No obstant aix\u00f2, Susana Mora ha reivindicat que &#8220;continuam tenint molts reptes cabdals per a Menorca&#8221;. &#8220;No podem permetre que el turisme torni a ser una font de conflicte a la nostra illa; hem lluitat massa per l&#8217;equilibri i per aconseguir l&#8217;anhelada desestacionalitzaci\u00f3, per\u00f2 tenim externalitats negatives que hem de seguir abordant&#8221;.<span class=\"Apple-converted-space\">\u00a0<\/span>[\/vc_column_text][\/vc_column][vc_column width=&#8221;1\/2&#8243;][vc_column_text]L&#8217;habitatge, ha recordat, &#8220;n&#8217;\u00e9s una d&#8217;elles&#8221;. &#8220;Hem de continuar fent feina entorn a propostes valentes sobre com millorar la seva gesti\u00f3 i convertir-lo en el quint pilar del nostre Estat de Benestar&#8221;. La gesti\u00f3 dels recursos, la del cicle de l&#8217;aigua o la dels residus en s\u00f3n d&#8217;altres que requereixen d&#8217;un debat amb la ciutadania i tamb\u00e9 amb els professionals de la mat\u00e8ria per continuar avan\u00e7ant. Malgrat a dia d&#8217;avui Menorca est\u00e0 m\u00e9s connectada que mai durant temporada baixa, &#8220;seguim necessitant m\u00e9s i millors connexions que permetin els menorquins i menorquines moure&#8217;s amb les mateixes condicions i oportunitats que la resta de ciutadans i ciutadanes&#8221;.<span class=\"Apple-converted-space\">\u00a0<\/span><\/p>\n<p><span class=\"Apple-converted-space\">\u00a0<\/span><\/p>\n<p>Per acabar, la socialista ha expressat que &#8220;el 28 de maig els menorquins i menorquines han de votar socialista des del conven\u00e7iment que el PSOE \u00e9s la millor opci\u00f3, i ho som perqu\u00e8 volem seguir transformant el dia a dia de tots i totes, conscients que mentre hi hagi un repte o una necessitat, hi haur\u00e0 un o una socialista que lluitar\u00e0 per millorar, des de la pol\u00edtica, la societat que tothom mereix&#8221;.<span class=\"Apple-converted-space\">\u00a0<\/span><\/p>\n<p>Per \u00faltim, el Comit\u00e8 Insular ha aprovat el Comit\u00e8 Electoral, \u00f2rgan que ha d&#8217;organitzar la campanya electoral de cara a les eleccions del maig de 2023. El Secretari d&#8217;Organitzaci\u00f3, Dami\u00e0 Borr\u00e0s, ser\u00e0 el responsable de coordinar-lo.<span class=\"Apple-converted-space\">\u00a0<\/span>[\/vc_column_text][\/vc_column][\/vc_row]\n<\/div>","protected":false},"excerpt":{"rendered":"<p>[vc_row el_class=&#8221;img_noticia&#8221;][vc_column][vc_single_image image=&#8221;26214&#8243; img_size=&#8221;full&#8221;][\/vc_column][\/vc_row][vc_row el_class=&#8221;intro&#8221;][vc_column][vc_column_text][\/vc_column_text][\/vc_column][\/vc_row][vc_row][vc_column width=&#8221;1\/2&#8243;][vc_column_text]La secret\u00e0ria general del PSOE Menorca, Susana Mora, ha comen\u00e7at el seu discurs en el Comit\u00e8 Insular fent refer\u00e8ncia al 30 aniversari de la declaraci\u00f3 de Menorca com a Reserva de Biosfera. &#8220;Una fita hist\u00f2rica assolida pels menorquins i menorquines i que persegueix l&#8217;equilibri entre la preservaci\u00f3 necess\u00e0ria del nostre&hellip;<\/p>\n","protected":false},"author":6,"featured_media":26214,"comment_status":"open","ping_status":"open","sticky":false,"template":"","format":"standard","meta":{"footnotes":""},"categories":[89,2,1,92],"tags":[],"class_list":["post-26213","post","type-post","status-publish","format-standard","has-post-thumbnail","hentry","category-consell-de-menorca","category-federacio-de-menorca","category-federacio-de-menorca-portada","category-portada"],"_links":{"self":[{"href":"https:\/\/www.psib-psoe.org\/menorca\/wp-json\/wp\/v2\/posts\/26213"}],"collection":[{"href":"https:\/\/www.psib-psoe.org\/menorca\/wp-json\/wp\/v2\/posts"}],"about":[{"href":"https:\/\/www.psib-psoe.org\/menorca\/wp-json\/wp\/v2\/types\/post"}],"author":[{"embeddable":true,"href":"https:\/\/www.psib-psoe.org\/menorca\/wp-json\/wp\/v2\/users\/6"}],"replies":[{"embeddable":true,"href":"https:\/\/www.psib-psoe.org\/menorca\/wp-json\/wp\/v2\/comments?post=26213"}],"version-history":[{"count":0,"href":"https:\/\/www.psib-psoe.org\/menorca\/wp-json\/wp\/v2\/posts\/26213\/revisions"}],"wp:featuredmedia":[{"embeddable":true,"href":"https:\/\/www.psib-psoe.org\/menorca\/wp-json\/wp\/v2\/media\/26214"}],"wp:attachment":[{"href":"https:\/\/www.psib-psoe.org\/menorca\/wp-json\/wp\/v2\/media?parent=26213"}],"wp:term":[{"taxonomy":"category","embeddable":true,"href":"https:\/\/www.psib-psoe.org\/menorca\/wp-json\/wp\/v2\/categories?post=26213"},{"taxonomy":"post_tag","embeddable":true,"href":"https:\/\/www.psib-psoe.org\/menorca\/wp-json\/wp\/v2\/tags?post=26213"}],"curies":[{"name":"wp","href":"https:\/\/api.w.org\/{rel}","templated":true}]}}