{"id":26250,"date":"2023-04-04T09:40:17","date_gmt":"2023-04-04T07:40:17","guid":{"rendered":"http:\/\/www.psib-psoe.org\/menorca\/?p=26250"},"modified":"2023-04-05T09:43:42","modified_gmt":"2023-04-05T07:43:42","slug":"el-psoe-sant-lluis-presenta-una-candidatura-amb-gent-preparada-per-donar-continuitat-al-projecte-daquests-4-anys","status":"publish","type":"post","link":"https:\/\/www.psib-psoe.org\/menorca\/el-psoe-sant-lluis-presenta-una-candidatura-amb-gent-preparada-per-donar-continuitat-al-projecte-daquests-4-anys\/","title":{"rendered":"El PSOE Sant Llu\u00eds presenta una candidatura &#8220;amb gent preparada per donar continu\u00eftat al projecte d&#8217;aquests 4 anys&#8221;"},"content":{"rendered":"<div class=\"wpb-content-wrapper\">[vc_row el_class=&#8221;img_noticia&#8221;][vc_column][vc_single_image image=&#8221;26251&#8243; img_size=&#8221;full&#8221;][\/vc_column][\/vc_row][vc_row el_class=&#8221;intro&#8221;][vc_column][vc_column_text][\/vc_column_text][\/vc_column][\/vc_row][vc_row][vc_column width=&#8221;1\/2&#8243;][vc_column_text]El PSOE de Sant Llu\u00eds ha aprovat la seva candidatura per a les eleccions municipals de Sant Llu\u00eds, encap\u00e7alada per l\u2019actual regidora S\u00edlvia P\u00e9rez de la Vega. Els socialistes han confirmat una candidatura formada per gent \u201c\u00e0mpliament preparada per a donar continu\u00eftat al projecte engegat durant aquest mandat a l\u2019Ajuntament, liderat pels socialistes, i que ha aconseguit capgirar el municipi i convertir-lo en referent en molts aspectes\u201d.<span class=\"Apple-converted-space\">\u00a0<\/span><\/p>\n<p>La candidatura completa \u00e9s la seg\u00fcent:<span class=\"Apple-converted-space\">\u00a0<\/span><\/p>\n<p>1. Silvia P\u00e9rez de la Vega<\/p>\n<p>2. Llu\u00eds Alcoberro Hern\u00e1ndez<\/p>\n<p>3. Ana Arjona Pons<\/p>\n<p>4. Alonso Santos Rivera<\/p>\n<p>5. Oscar Monje Arroyo<\/p>\n<p>6. Carolina Marqu\u00e9s Portella<\/p>\n<p>7. D\u00e9bora Marqu\u00e9s Flux\u00e1<\/p>\n<p>8. Oriol Enrich Florit<\/p>\n<p>9. Naomy Toomey<\/p>\n<p>10. Ram\u00f3n Herraiz Eisman<\/p>\n<p>11. Magda Humbert Pons<\/p>\n<p>12. Manolo Izquierdo Le\u00f3n<\/p>\n<p>13. Adelaida Ponset\u00ed Pons<\/p>\n<p>Suplents<\/p>\n<p>14. Magdalena Coll P\u00e9rez<\/p>\n<p>15. Miguel Angel Coll Prieto<\/p>\n<p>16. Susana Mora Humbert<\/p>\n<p>17. Magda Sintes Gornes[\/vc_column_text][\/vc_column][vc_column width=&#8221;1\/2&#8243;][vc_column_text]S\u00edlvia P\u00e9rez \u00e9s actualment la regidora d\u2019Esports de l\u2019Ajuntament de Sant Llu\u00eds, i per tant, \u00e9s coneixedora i part protagonista en la gesti\u00f3 socialista durant aquest mandat al Consistori. El seu objectiu, afirma, \u00e9s mantenir la l\u00ednia de treball marcada aquests quatre anys i seguir oferint als lluisers i lluiseres oportunitats i recursos per millorar la seva qualitat de vida.<span class=\"Apple-converted-space\">\u00a0<\/span><\/p>\n<p>Llu\u00eds Alcoberro, nombre 2 de la candidatura, \u00e9s una persona altament implicada a Sant Llu\u00eds i amb un perfil plural i \u00e0mplia formaci\u00f3. \u00c9s graduat en Turisme, t\u00e9 una llarga experi\u00e8ncia en el sector financer i dos m\u00e0sters relacionats amb aquest sector. Est\u00e0 molt lligat tamb\u00e9 al m\u00f3n de l\u2019esport, i ha estat entrenador d\u2019equips de b\u00e0squet i de futbol, i \u00e9s gerent d\u2019una cooperativa vinculada al m\u00f3n de les escoletes infantisl.<span class=\"Apple-converted-space\">\u00a0<\/span><\/p>\n<p>Ana Arjona, nombre 3, t\u00e9 formaci\u00f3 en gesti\u00f3 tur\u00edstica i en educaci\u00f3 infantil, i actualment treballa a l\u2019Escoleta Infantil Ses Canaletes. Persona inquieta, amb un inter\u00e9s constant per la formaci\u00f3 i la millora en la seva professi\u00f3, se suma a la candidatura socialista per aportar la seva experi\u00e8ncia i sensibilitat.<span class=\"Apple-converted-space\">\u00a0<\/span><\/p>\n<p>Alonso Santos \u00e9s arquitecte amb experi\u00e8ncia internacional, especialment sensible als projectes que lliguen els usos dels edificis amb aspectes com la sostenibilitat i la integraci\u00f3 en el seu entorn i el respecte ambiental.<span class=\"Apple-converted-space\">\u00a0<\/span><\/p>\n<p>\u00d3scar Monge \u00e9s empresari i diplomat en Relacions P\u00fabliques i M\u00e0rqueting, i t\u00e9 un m\u00e0ster en planificaci\u00f3 d\u2019obres publiques, Urbanisme i Habitatge i un altre en pol\u00edtica i dret electoral. Ha estat gerent de clubs i associacions esportives, i arriba a la candidatura per aportar els seus coneixements en mat\u00e8ria de promoci\u00f3 econ\u00f2mica, empresarial i tur\u00edstica.<span class=\"Apple-converted-space\">\u00a0<\/span><\/p>\n<p>S\u00edlvia P\u00e9rez explica que \u201caquesta llista conforma un equip plural, transversal, molt capa\u00e7 i amb moltes ganes per donar continu\u00eftat a una l\u00ednia de treball que s\u2019ha demostrat encertada per al municipi, que ha aconseguit aportar solucions enfora de les renous de temps passats, i que ha situat Sant Llu\u00eds com un exemple en moltes mat\u00e8ries. La nostra missi\u00f3 \u00e9s gestionar aquest llegat i seguir-lo fent cr\u00e9ixer per a aconseguir el major benestar per als nostres ve\u00efns i ve\u00efnes\u201d.<span class=\"Apple-converted-space\">\u00a0<\/span>[\/vc_column_text][\/vc_column][\/vc_row]\n<\/div>","protected":false},"excerpt":{"rendered":"<p>[vc_row el_class=&#8221;img_noticia&#8221;][vc_column][vc_single_image image=&#8221;26251&#8243; img_size=&#8221;full&#8221;][\/vc_column][\/vc_row][vc_row el_class=&#8221;intro&#8221;][vc_column][vc_column_text][\/vc_column_text][\/vc_column][\/vc_row][vc_row][vc_column width=&#8221;1\/2&#8243;][vc_column_text]El PSOE de Sant Llu\u00eds ha aprovat la seva candidatura per a les eleccions municipals de Sant Llu\u00eds, encap\u00e7alada per l\u2019actual regidora S\u00edlvia P\u00e9rez de la Vega. Els socialistes han confirmat una candidatura formada per gent \u201c\u00e0mpliament preparada per a donar continu\u00eftat al projecte engegat durant aquest mandat a l\u2019Ajuntament,&hellip;<\/p>\n","protected":false},"author":6,"featured_media":26251,"comment_status":"open","ping_status":"open","sticky":false,"template":"","format":"standard","meta":{"footnotes":""},"categories":[2,1,92,101],"tags":[],"class_list":["post-26250","post","type-post","status-publish","format-standard","has-post-thumbnail","hentry","category-federacio-de-menorca","category-federacio-de-menorca-portada","category-portada","category-sant-lluis"],"_links":{"self":[{"href":"https:\/\/www.psib-psoe.org\/menorca\/wp-json\/wp\/v2\/posts\/26250"}],"collection":[{"href":"https:\/\/www.psib-psoe.org\/menorca\/wp-json\/wp\/v2\/posts"}],"about":[{"href":"https:\/\/www.psib-psoe.org\/menorca\/wp-json\/wp\/v2\/types\/post"}],"author":[{"embeddable":true,"href":"https:\/\/www.psib-psoe.org\/menorca\/wp-json\/wp\/v2\/users\/6"}],"replies":[{"embeddable":true,"href":"https:\/\/www.psib-psoe.org\/menorca\/wp-json\/wp\/v2\/comments?post=26250"}],"version-history":[{"count":0,"href":"https:\/\/www.psib-psoe.org\/menorca\/wp-json\/wp\/v2\/posts\/26250\/revisions"}],"wp:featuredmedia":[{"embeddable":true,"href":"https:\/\/www.psib-psoe.org\/menorca\/wp-json\/wp\/v2\/media\/26251"}],"wp:attachment":[{"href":"https:\/\/www.psib-psoe.org\/menorca\/wp-json\/wp\/v2\/media?parent=26250"}],"wp:term":[{"taxonomy":"category","embeddable":true,"href":"https:\/\/www.psib-psoe.org\/menorca\/wp-json\/wp\/v2\/categories?post=26250"},{"taxonomy":"post_tag","embeddable":true,"href":"https:\/\/www.psib-psoe.org\/menorca\/wp-json\/wp\/v2\/tags?post=26250"}],"curies":[{"name":"wp","href":"https:\/\/api.w.org\/{rel}","templated":true}]}}