{"id":26346,"date":"2023-05-25T18:30:37","date_gmt":"2023-05-25T16:30:37","guid":{"rendered":"http:\/\/www.psib-psoe.org\/menorca\/?p=26346"},"modified":"2023-05-25T18:30:37","modified_gmt":"2023-05-25T16:30:37","slug":"susana-mora-la-rapida-solucio-del-problema-de-laigua-es-fonamental-per-menorca","status":"publish","type":"post","link":"https:\/\/www.psib-psoe.org\/menorca\/susana-mora-la-rapida-solucio-del-problema-de-laigua-es-fonamental-per-menorca\/","title":{"rendered":"Susana Mora: &#8220;La r\u00e0pida soluci\u00f3 del problema de l&#8217;aigua \u00e9s fonamental per Menorca&#8221;"},"content":{"rendered":"<div class=\"wpb-content-wrapper\">[vc_row el_class=&#8221;img_noticia&#8221;][vc_column][vc_single_image image=&#8221;26347&#8243; img_size=&#8221;full&#8221;][\/vc_column][\/vc_row][vc_row el_class=&#8221;intro&#8221;][vc_column][vc_column_text]La socialista ha reclamat el trasp\u00e0s de la gesti\u00f3 de l&#8217;aigua i ha afegit que impulsar\u00e0 un debat participatiu per consensuar les infraestructures necess\u00e0ries per Menorca[\/vc_column_text][\/vc_column][\/vc_row][vc_row][vc_column width=&#8221;1\/2&#8243;][vc_column_text]Els socialistes entenem que hem de donar una prioritat absoluta a la gesti\u00f3 dels recursos naturals posant l\u2019accent, de manera especial, en el cicle de l\u2019aigua, per tal de continuar defensant el dret de tothom a disposar d\u2019aigua potable des dels principis de sostenibilitat i racionalitat.<\/p>\n<p>La falta d\u2019aigua i la seva insuficient qualitat s\u00f3n dos dels problemes m\u00e9s importants que t\u00e9 avui Menorca juntament amb l\u2019habitatge. L\u2019increment progressiu per\u00f2 molt r\u00e0pid de poblaci\u00f3 aix\u00ed com la demanda d\u2019aigua causada pel turisme, fan que els aq\u00fc\u00edfers no siguin capa\u00e7\u00f2s de recuperar-se amb les escasses pluges dels darrers anys. A m\u00e9s, la baixada del nivell dels aq\u00fc\u00edfers per davall del nivell de la mar provoca l\u2019intrusi\u00f3 d\u2019aigua salada en les masses d\u2019aigua i fa que aquesta perdi qualitat, cosa que s\u2019afegeix a la contaminaci\u00f3 per nitrats. Aix\u00ed mateix, les xarxes de distribuci\u00f3 d\u2019aigua municipals tenen excessives p\u00e8rdues que conv\u00e9 evitar.<span class=\"Apple-converted-space\">\u00a0<\/span><\/p>\n<p>Per resoldre aquests problemes, \u00e9s necessari poder planificar les noves infraestructures necess\u00e0ries i millorar la gesti\u00f3 de l\u2019aigua. I per fer a\u00e7\u00f2 amb efici\u00e8ncia i garantint que tindrem prou aigua i de qualitat, \u00e9s imprescindible que les compet\u00e8ncies en recursos h\u00eddrics les gestioni el Consell. Per a\u00e7\u00f2, i tal com ha dit la presidenta del Consell i candidata a la reelecci\u00f3, Susana Mora, \u201chem de poder gestionar els recursos h\u00eddrics a Menorca, des del Consell i d\u2019acord amb els ajuntaments&#8221;.<span class=\"Apple-converted-space\">\u00a0<\/span><\/p>\n<p>&#8220;\u00c9s imprescindible que puguem planificar les inversions des de Menorca i que siguem capa\u00e7os a partir d\u2019aqu\u00ed de coordinar i unificar criteris d\u2019actuaci\u00f3 amb tots els municipis. Per a\u00e7\u00f2 exigirem que el proc\u00e8s de trasp\u00e0s de la gesti\u00f3 de l\u2019aigua al Consell que ja s\u2019ha iniciat, s\u2019acceleri al m\u00e0xim i que puguem exercir aquesta transfer\u00e8ncia des de Menorca i amb els recursos suficients per fer front a les inversions que considerem necess\u00e0ries. A partir d\u2019aqu\u00ed, hem d\u2019obrir un debat sobre quines infraestructures faran falta previsiblement a mig i llarg termini. I ho hem de fer amb rigor i la suficient informaci\u00f3 t\u00e8cnica per poder decidir d\u2019una manera solvent, perqu\u00e8 les inversions en aigua s\u00f3n molt costoses econ\u00f2micament i tenen un proc\u00e8s molt llarg de tramitaci\u00f3 i execuci\u00f3. Per a\u00e7\u00f2 ens conv\u00e9 planificar amb seny, posant damunt la taula totes les opcions.\u201d[\/vc_column_text][\/vc_column][vc_column width=&#8221;1\/2&#8221;][vc_column_text]Aix\u00ed mateix, &#8220;els socialistes consideram que \u00e9s necessari fer feina en la unificaci\u00f3 de les tarifes dels distints municipis a partir de criteris que penalitzin els consums excessius i innecessaris i promoure l\u2019\u00fas responsable de l\u2019aigua. Impulsarem tamb\u00e9 la creaci\u00f3 d\u2019una Comunitat d\u2019Usuaris de l\u2019Aq\u00fc\u00edfer amb la participaci\u00f3 d\u2019usuaris particulars, comunitats de regants, experts i administracions&#8221;, ha afegit la socialista.<span class=\"Apple-converted-space\">\u00a0<\/span><\/p>\n<p>Per altra banda, Susana Mora tamb\u00e9 ha destacat la import\u00e0ncia d\u2019emprar aig\u00fces regenerades per a activitats agr\u00edcoles, pel reg de zones verdes i neteja de carrers, aix\u00ed com la construcci\u00f3 de segones xarxes de distribuci\u00f3 de l\u2019aigua regenerada per a consums no potables, la qual cosa ha de permetre una major optimitzaci\u00f3 dels recursos h\u00eddrics.<\/p>\n<p>L\u2019alcalde de Ma\u00f3 i candidat a la reelecci\u00f3, H\u00e9ctor Pons, ha explicat que \u201cgr\u00e0cies a la col\u00b7laboraci\u00f3 entre les administracions hem fet que molts ve\u00efns i ve\u00efnes tenguin aigua potable a ca seva. Tamb\u00e9 hem fet possibla diferents reformes de carrers i de sanejament i en els pr\u00f2xims anys executarem la millora de la zona de Tanques del Carme i tamb\u00e9 dels pluvials del pol\u00edgon de Ma\u00f3\u201d.<\/p>\n<p>Per acabar, tant Susana Mora com H\u00e8ctor Pons han volgut insistir en la necessitat d\u2019estudiar amb rigor i valorant totes les alternatives la possibilitat de construir noves infraestructures d\u2019aigua a la zona de Ma\u00f3, al mateix temps que s\u2019apostar\u00e0 per sistemes puntuals i d\u2019emerg\u00e8ncia de distribuci\u00f3 de l\u2019aigua dessalada de Ciutadella a altres municipis que puguin patir dificultats d\u2019abastament.[\/vc_column_text][\/vc_column][\/vc_row]\n<\/div>","protected":false},"excerpt":{"rendered":"<p>[vc_row el_class=&#8221;img_noticia&#8221;][vc_column][vc_single_image image=&#8221;26347&#8243; img_size=&#8221;full&#8221;][\/vc_column][\/vc_row][vc_row el_class=&#8221;intro&#8221;][vc_column][vc_column_text]La socialista ha reclamat el trasp\u00e0s de la gesti\u00f3 de l&#8217;aigua i ha afegit que impulsar\u00e0 un debat participatiu per consensuar les infraestructures necess\u00e0ries per Menorca[\/vc_column_text][\/vc_column][\/vc_row][vc_row][vc_column width=&#8221;1\/2&#8243;][vc_column_text]Els socialistes entenem que hem de donar una prioritat absoluta a la gesti\u00f3 dels recursos naturals posant l\u2019accent, de manera especial, en el cicle de&hellip;<\/p>\n","protected":false},"author":6,"featured_media":26347,"comment_status":"open","ping_status":"open","sticky":false,"template":"","format":"standard","meta":{"footnotes":""},"categories":[2,1,98,90,92],"tags":[],"class_list":["post-26346","post","type-post","status-publish","format-standard","has-post-thumbnail","hentry","category-federacio-de-menorca","category-federacio-de-menorca-portada","category-mao","category-municipis","category-portada"],"_links":{"self":[{"href":"https:\/\/www.psib-psoe.org\/menorca\/wp-json\/wp\/v2\/posts\/26346"}],"collection":[{"href":"https:\/\/www.psib-psoe.org\/menorca\/wp-json\/wp\/v2\/posts"}],"about":[{"href":"https:\/\/www.psib-psoe.org\/menorca\/wp-json\/wp\/v2\/types\/post"}],"author":[{"embeddable":true,"href":"https:\/\/www.psib-psoe.org\/menorca\/wp-json\/wp\/v2\/users\/6"}],"replies":[{"embeddable":true,"href":"https:\/\/www.psib-psoe.org\/menorca\/wp-json\/wp\/v2\/comments?post=26346"}],"version-history":[{"count":0,"href":"https:\/\/www.psib-psoe.org\/menorca\/wp-json\/wp\/v2\/posts\/26346\/revisions"}],"wp:featuredmedia":[{"embeddable":true,"href":"https:\/\/www.psib-psoe.org\/menorca\/wp-json\/wp\/v2\/media\/26347"}],"wp:attachment":[{"href":"https:\/\/www.psib-psoe.org\/menorca\/wp-json\/wp\/v2\/media?parent=26346"}],"wp:term":[{"taxonomy":"category","embeddable":true,"href":"https:\/\/www.psib-psoe.org\/menorca\/wp-json\/wp\/v2\/categories?post=26346"},{"taxonomy":"post_tag","embeddable":true,"href":"https:\/\/www.psib-psoe.org\/menorca\/wp-json\/wp\/v2\/tags?post=26346"}],"curies":[{"name":"wp","href":"https:\/\/api.w.org\/{rel}","templated":true}]}}