{"id":26349,"date":"2023-05-26T17:18:45","date_gmt":"2023-05-26T15:18:45","guid":{"rendered":"http:\/\/www.psib-psoe.org\/menorca\/?p=26349"},"modified":"2023-05-31T10:15:06","modified_gmt":"2023-05-31T08:15:06","slug":"susana-mora-cada-vot-es-decisiu-i-aquest-diumenge-ens-jugam-continuar-amb-el-model-que-estimam-o-destruir-lo-i-torar-enrere","status":"publish","type":"post","link":"https:\/\/www.psib-psoe.org\/menorca\/susana-mora-cada-vot-es-decisiu-i-aquest-diumenge-ens-jugam-continuar-amb-el-model-que-estimam-o-destruir-lo-i-torar-enrere\/","title":{"rendered":"Susana Mora: &#8220;Cada vot \u00e9s decisiu i aquest diumenge ens jugam continuar amb el model que estimam o destruir-lo i tornar enrere&#8221;"},"content":{"rendered":"<div class=\"wpb-content-wrapper\">[vc_row el_class=&#8221;img_noticia&#8221;][vc_column][vc_single_image image=&#8221;26350&#8243; img_size=&#8221;full&#8221;][\/vc_column][\/vc_row][vc_row el_class=&#8221;intro&#8221;][vc_column][vc_column_text]La candidata ha dit que &#8220;la for\u00e7a del nostre partit est\u00e0 en les persones, el seu benestar i progr\u00e9s&#8221;, i ha demanat sortir a votar socialista aquest diumenge &#8220;per donar continu\u00eftat al model pel qual tant hem lluitat o destruir tot all\u00f2 que ens ha costat tant tenir&#8221;[\/vc_column_text][\/vc_column][\/vc_row][vc_row][vc_column width=&#8221;1\/2&#8221;][vc_column_text]Amb motiu del final de la campanya electoral, la presidenta del Consell i candidata del PSOE a la reelecci\u00f3, Susana Mora, ha volgut destacar la import\u00e0ncia de les persones i el seu lideratge com la principal fortalesa del partit, i ha aprofitat l&#8217;ocasi\u00f3 per demanar un \u00faltim esfor\u00e7 a tothom. &#8220;\u00c9s fonamental que tots i totes anem a votar aquest diumenge. I votem socialista. Perqu\u00e8 hem demostrat que \u00e9s l&#8217;\u00fanic partit capa\u00e7 de transformar la nostra illa i de millorar la vida dels menorquins i menorquines&#8221;.<span class=\"Apple-converted-space\">\u00a0<\/span><\/p>\n<p>La socialista ha volgut recordar que &#8220;durant aquestes intenses setmanes de campanya, hem tingut l&#8217;oportunitat d&#8217;escoltar milers de ciutadans i ciutadanes de Menorca, con\u00e8ixer les seves inquietuds, les seves necessitats i les seves aspiracions. Ens hem trobat amb persones valuoses i compromeses que constitueixen la veritable for\u00e7a del nostre partit. El PSOE \u00e9s un partit de persones, un partit que es preocupa i es compromet amb el benestar i el progr\u00e9s de tots els ciutadans i ciutadanes&#8221;.<\/p>\n<p>Tota aquesta feina d&#8217;escolta activa ha estat clau per dur endavant el nostre projecte pol\u00edtic. &#8220;Gr\u00e0cies a un equip fort, comprom\u00e8s i dedicat a totes les institucions hem fet feina incansablement per impulsar pol\u00edtiques que promouen la just\u00edcia social, la igualtat d&#8217;oportunitats i el desenvolupament econ\u00f2mic, territorial i sostenible. Tamb\u00e9 hem defensat i continuarem defensant els valors de solidaritat, llibertat i democr\u00e0cia que ens identifiquen com a socialistes&#8221;.<span class=\"Apple-converted-space\">\u00a0<\/span>[\/vc_column_text][\/vc_column][vc_column width=&#8221;1\/2&#8243;][vc_column_text]En aquesta campanya, &#8220;hem presentat un programa electoral ambici\u00f3s i realista, dissenyat per abordar els desafiaments presents i futurs del nostre pa\u00eds, com s\u00f3n la gesti\u00f3 del turisme i l&#8217;acc\u00e9s a un habitatge digne per a tothom, sobretot pels joves i les persones amb m\u00e9s necessitats&#8221;. Tamb\u00e9 &#8220;hem proposat mesures concretes per enfortir el nostre sistema p\u00fablic, impulsar la transici\u00f3 ecol\u00f2gica i fomentar la creaci\u00f3 d&#8217;ocupaci\u00f3 de qualitat. Tot a\u00e7\u00f2, amb l&#8217;objectiu de construir una societat m\u00e9s justa, inclusiva i pr\u00f2spera per a tots i totes&#8221;.<span class=\"Apple-converted-space\">\u00a0<\/span><\/p>\n<p>&#8220;La confian\u00e7a dipositada en el nostre projecte per part de la ciutadania \u00e9s un reconeixement al nostre treball i un est\u00edmul per continuar avan\u00e7ant&#8221;, ha remarcat Susana Mora. &#8220;Esteim conven\u00e7uts que, junts i juntes, podem aconseguir grans coses. Les persones s\u00f3n la base de la nostra for\u00e7a i el nostre lideratge \u00e9s el motor que impulsa el canvi necessari en la nostra societat&#8221;.<span class=\"Apple-converted-space\">\u00a0<\/span><\/p>\n<p>Aquest 28 de maig animam a tots els menorquins i menorquines a exercir el seu dret al vot i a dipositar la seva confian\u00e7a en un partit que posa a les persones en el centre de les seves pol\u00edtiques. El PSOE \u00e9s un partit de futur, d&#8217;oportunitats i d&#8217;esperan\u00e7a. Junts i juntes continuarem construint una Menorca encara millor. I per un futur en el qual la for\u00e7a de les persones i el seu benestar i progr\u00e9s siguin el vertader motor per fer del nostre un territori m\u00e9s just i pr\u00f2sper. Perqu\u00e8 entre tots i totes feim Menorca. Aquest 28 de maig, vota PSOE&#8221;.<span class=\"Apple-converted-space\">\u00a0<\/span>[\/vc_column_text][\/vc_column][\/vc_row]\n<\/div>","protected":false},"excerpt":{"rendered":"<p>[vc_row el_class=&#8221;img_noticia&#8221;][vc_column][vc_single_image image=&#8221;26350&#8243; img_size=&#8221;full&#8221;][\/vc_column][\/vc_row][vc_row el_class=&#8221;intro&#8221;][vc_column][vc_column_text]La candidata ha dit que &#8220;la for\u00e7a del nostre partit est\u00e0 en les persones, el seu benestar i progr\u00e9s&#8221;, i ha demanat sortir a votar socialista aquest diumenge &#8220;per donar continu\u00eftat al model pel qual tant hem lluitat o destruir tot all\u00f2 que ens ha costat tant tenir&#8221;[\/vc_column_text][\/vc_column][\/vc_row][vc_row][vc_column width=&#8221;1\/2&#8221;][vc_column_text]Amb motiu del&hellip;<\/p>\n","protected":false},"author":6,"featured_media":26350,"comment_status":"open","ping_status":"open","sticky":false,"template":"","format":"standard","meta":{"footnotes":""},"categories":[2,1,90,92],"tags":[],"class_list":["post-26349","post","type-post","status-publish","format-standard","has-post-thumbnail","hentry","category-federacio-de-menorca","category-federacio-de-menorca-portada","category-municipis","category-portada"],"_links":{"self":[{"href":"https:\/\/www.psib-psoe.org\/menorca\/wp-json\/wp\/v2\/posts\/26349"}],"collection":[{"href":"https:\/\/www.psib-psoe.org\/menorca\/wp-json\/wp\/v2\/posts"}],"about":[{"href":"https:\/\/www.psib-psoe.org\/menorca\/wp-json\/wp\/v2\/types\/post"}],"author":[{"embeddable":true,"href":"https:\/\/www.psib-psoe.org\/menorca\/wp-json\/wp\/v2\/users\/6"}],"replies":[{"embeddable":true,"href":"https:\/\/www.psib-psoe.org\/menorca\/wp-json\/wp\/v2\/comments?post=26349"}],"version-history":[{"count":0,"href":"https:\/\/www.psib-psoe.org\/menorca\/wp-json\/wp\/v2\/posts\/26349\/revisions"}],"wp:featuredmedia":[{"embeddable":true,"href":"https:\/\/www.psib-psoe.org\/menorca\/wp-json\/wp\/v2\/media\/26350"}],"wp:attachment":[{"href":"https:\/\/www.psib-psoe.org\/menorca\/wp-json\/wp\/v2\/media?parent=26349"}],"wp:term":[{"taxonomy":"category","embeddable":true,"href":"https:\/\/www.psib-psoe.org\/menorca\/wp-json\/wp\/v2\/categories?post=26349"},{"taxonomy":"post_tag","embeddable":true,"href":"https:\/\/www.psib-psoe.org\/menorca\/wp-json\/wp\/v2\/tags?post=26349"}],"curies":[{"name":"wp","href":"https:\/\/api.w.org\/{rel}","templated":true}]}}