{"id":26352,"date":"2023-05-31T10:13:35","date_gmt":"2023-05-31T08:13:35","guid":{"rendered":"http:\/\/www.psib-psoe.org\/menorca\/?p=26352"},"modified":"2023-05-31T10:13:35","modified_gmt":"2023-05-31T08:13:35","slug":"el-psoe-menorca-es-marca-com-a-objectiu-guanyar-les-eleccions-generals-de-23j-perque-estan-en-joc-els-pilars-de-lestat-de-benestar-del-pais","status":"publish","type":"post","link":"https:\/\/www.psib-psoe.org\/menorca\/el-psoe-menorca-es-marca-com-a-objectiu-guanyar-les-eleccions-generals-de-23j-perque-estan-en-joc-els-pilars-de-lestat-de-benestar-del-pais\/","title":{"rendered":"El PSOE Menorca es marca com a objectiu guanyar les eleccions generals de 23J perqu\u00e8 estan en joc els pilars de l&#8217;estat de benestar del pa\u00eds"},"content":{"rendered":"<div class=\"wpb-content-wrapper\">[vc_row el_class=&#8221;img_noticia&#8221;][vc_column][vc_single_image image=&#8221;26353&#8243; img_size=&#8221;full&#8221;][\/vc_column][\/vc_row][vc_row el_class=&#8221;intro&#8221;][vc_column][vc_column_text]L&#8217;Executiva del PSOE Menorca es va reunir ahir per analitzar els resultats de les eleccions locals, insulars i auton\u00f2miques que es van celebrar el passat diumenge i per posar en marxa el Comit\u00e8 Electoral de cara a les generals de 23 de juliol[\/vc_column_text][\/vc_column][\/vc_row][vc_row][vc_column width=&#8221;1\/2&#8243;][vc_column_text]Els membres de la Comissi\u00f3 executiva del PSOE Menorca es van reunir ahir capvespre per analitzar els resultats d&#8217;aquest diumenge i per comen\u00e7ar a posar en marxa el comit\u00e8 electoral de cara a les eleccions generals de 23 de juliol. En aquest sentit, la secret\u00e0ria general del partit, Susana Mora, va voler fer un especial i sincer agra\u00efment &#8220;a tots els menorquins i menorquines que han confiat en el projecte socialista i que han cregut en les pol\u00edtiques que s&#8217;han impulsat durant aquesta legislatura en benefici del benestar de la nostra societat i del progr\u00e9s de la nostra illa&#8221;.<span class=\"Apple-converted-space\">\u00a0<\/span><\/p>\n<p>No obstant aix\u00f2, &#8220;acceptam els resultats que s&#8217;han elegit de forma democr\u00e0tica amb la responsabilitat i humilitat que ens ha caracteritzat sempre&#8221;. A partir d&#8217;ara, &#8220;afrontarem amb comprom\u00eds i dedicaci\u00f3 la posici\u00f3 a la qual ens han situat els menorquins i menorquines i estic conven\u00e7uda que seguirem sent una veu forta i compromesa en la defensa dels valors progressistes i en la lluita per una societat m\u00e9s justa i equitativa. Per a\u00e7\u00f2, farem una oposici\u00f3 \u00fatil i constructiva en el Consell Insular i a la resta d&#8217;institucions on no governarem&#8221;.[\/vc_column_text][\/vc_column][vc_column width=&#8221;1\/2&#8243;][vc_column_text]Per altra banda, la socialista va explicar que &#8220;a les eleccions generals ens hi jugam la configuraci\u00f3 de l&#8217;estat, aix\u00ed com tamb\u00e9 els pilars b\u00e0sics de l&#8217;estat del benestar: la sanitat, l&#8217;educaci\u00f3, les pensions i una ocupaci\u00f3 digna i de qualitat&#8221;. De fet, &#8220;ens hi jugam que la dreta i ultradreta tornin a les retallades i al retroc\u00e9s dels drets i llibertats que hem aconseguit durant tots els anys de democr\u00e0cia&#8221;. Per aquest motiu, &#8220;demanam, ara m\u00e9s que mai, que el proper 23 de juliol tothom surti a votar, especialment els votantas progressistes de les nostres illes i de tot el pa\u00eds&#8221;.<span class=\"Apple-converted-space\">\u00a0<\/span><\/p>\n<p>Amb tot, va assegurar que &#8220;el nostre objectiu \u00e9s consolidar el rumb del pa\u00eds marcat fins ara, amb Pedro S\u00e1nchez al capdavant com a president socialista, refor\u00e7ar els pilars de l&#8217;estat de benestar, impulsar pol\u00edtiques que fomentin la igualtat d&#8217;oportunitats i combatre les desigualtats existents. Farem feina per construir una Espanya m\u00e9s justa, pr\u00f2spera i solidr\u00e0ria, on els drets i la dignitat de tots els ciutadans i ciutadanes siguin respectacts i garantits&#8221;. Susana Mora, per acabar, va reiterar &#8220;l&#8217;agra\u00efment a tot el suport rebut i reafirmam el nostre comprom\u00eds amb els valors socialistes i amb la gent de Menorca, de les Illes Balears i de tota Espanya&#8221;.[\/vc_column_text][\/vc_column][\/vc_row]\n<\/div>","protected":false},"excerpt":{"rendered":"<p>[vc_row el_class=&#8221;img_noticia&#8221;][vc_column][vc_single_image image=&#8221;26353&#8243; img_size=&#8221;full&#8221;][\/vc_column][\/vc_row][vc_row el_class=&#8221;intro&#8221;][vc_column][vc_column_text]L&#8217;Executiva del PSOE Menorca es va reunir ahir per analitzar els resultats de les eleccions locals, insulars i auton\u00f2miques que es van celebrar el passat diumenge i per posar en marxa el Comit\u00e8 Electoral de cara a les generals de 23 de juliol[\/vc_column_text][\/vc_column][\/vc_row][vc_row][vc_column width=&#8221;1\/2&#8243;][vc_column_text]Els membres de la Comissi\u00f3 executiva del PSOE&hellip;<\/p>\n","protected":false},"author":6,"featured_media":26353,"comment_status":"open","ping_status":"open","sticky":false,"template":"","format":"standard","meta":{"footnotes":""},"categories":[2,1,90,92],"tags":[],"class_list":["post-26352","post","type-post","status-publish","format-standard","has-post-thumbnail","hentry","category-federacio-de-menorca","category-federacio-de-menorca-portada","category-municipis","category-portada"],"_links":{"self":[{"href":"https:\/\/www.psib-psoe.org\/menorca\/wp-json\/wp\/v2\/posts\/26352"}],"collection":[{"href":"https:\/\/www.psib-psoe.org\/menorca\/wp-json\/wp\/v2\/posts"}],"about":[{"href":"https:\/\/www.psib-psoe.org\/menorca\/wp-json\/wp\/v2\/types\/post"}],"author":[{"embeddable":true,"href":"https:\/\/www.psib-psoe.org\/menorca\/wp-json\/wp\/v2\/users\/6"}],"replies":[{"embeddable":true,"href":"https:\/\/www.psib-psoe.org\/menorca\/wp-json\/wp\/v2\/comments?post=26352"}],"version-history":[{"count":0,"href":"https:\/\/www.psib-psoe.org\/menorca\/wp-json\/wp\/v2\/posts\/26352\/revisions"}],"wp:featuredmedia":[{"embeddable":true,"href":"https:\/\/www.psib-psoe.org\/menorca\/wp-json\/wp\/v2\/media\/26353"}],"wp:attachment":[{"href":"https:\/\/www.psib-psoe.org\/menorca\/wp-json\/wp\/v2\/media?parent=26352"}],"wp:term":[{"taxonomy":"category","embeddable":true,"href":"https:\/\/www.psib-psoe.org\/menorca\/wp-json\/wp\/v2\/categories?post=26352"},{"taxonomy":"post_tag","embeddable":true,"href":"https:\/\/www.psib-psoe.org\/menorca\/wp-json\/wp\/v2\/tags?post=26352"}],"curies":[{"name":"wp","href":"https:\/\/api.w.org\/{rel}","templated":true}]}}