{"id":26360,"date":"2023-05-23T10:28:44","date_gmt":"2023-05-23T08:28:44","guid":{"rendered":"http:\/\/www.psib-psoe.org\/menorca\/?p=26360"},"modified":"2023-05-31T10:31:16","modified_gmt":"2023-05-31T08:31:16","slug":"susana-mora-el-pp-representa-el-model-territorial-que-tants-territoris-volen-defugir-com-mallorca-i-eivissa","status":"publish","type":"post","link":"https:\/\/www.psib-psoe.org\/menorca\/susana-mora-el-pp-representa-el-model-territorial-que-tants-territoris-volen-defugir-com-mallorca-i-eivissa\/","title":{"rendered":"Susana Mora: &#8220;El PP representa el model territorial que tants territoris volen defugir, com Mallorca i Eivissa&#8221;"},"content":{"rendered":"<div class=\"wpb-content-wrapper\">[vc_row el_class=&#8221;img_noticia&#8221;][vc_column][vc_single_image image=&#8221;26361&#8243; img_size=&#8221;full&#8221;][\/vc_column][\/vc_row][vc_row el_class=&#8221;intro&#8221;][vc_column][vc_column_text][\/vc_column_text][\/vc_column][\/vc_row][vc_row][vc_column width=&#8221;1\/2&#8243;][vc_column_text]El PSOE va definir, fa 20 anys, i gr\u00e0cies a l\u2019aprovaci\u00f3 del Pla Territorial Insular (PTI) del 2003, el model econ\u00f2mic i territorial de Menorca. Un document que va propiciar en el seu moment l\u2019equilibri entre el desenvolupament econ\u00f2mic i social, el benestar de la poblaci\u00f3 menorquina i de les persones que ens visiten, i la preservaci\u00f3 del territori i el medi natural.<\/p>\n<p>Ara, vint anys despr\u00e9s, el Consell Insular, baix la presid\u00e8ncia de la socialista Susana Mora, s\u2019ha aprovat la revisi\u00f3 del PTI. \u201cUna revisi\u00f3 necess\u00e0ria per a la preservaci\u00f3 d\u2019aquest model que els menorquins i menorquines ens sentim tan nostre i per fer front els reptes sorgits durant els \u00faltims anys com s\u00f3n el canvi clim\u00e0tic, l\u2019habitatge i la gesti\u00f3 del turisme\u201d, ha manifestat.<\/p>\n<p>Tal com ha defensat la presidenta del Consell Insular i candidata a la reelecci\u00f3, \u201csom conscients del privilegi que tenim de poder viure en una illa amb la riquesa natural de Menorca, que ens permet uns paisatges i una qualitat de vida \u00fanics, per\u00f2 hem de ser conscients tamb\u00e9 de les seves fragilitats i limitacions\u201d. Tamb\u00e9 ha afegit que \u201cper seguir preservant i protegint la nostra illa, hem de continuar defensant la riquesa agr\u00e0ria i rural, la qual ha d\u2019estar en equilibri amb l\u2019activitat tur\u00edstica i el desenvolupament econ\u00f2mic i l\u2019eina per fer-ho amb m\u00e9s garanties \u00e9s el PTI\u201d.[\/vc_column_text][\/vc_column][vc_column width=&#8221;1\/2&#8243;][vc_column_text]Per altra banda, s\u2019ha referit al fet que \u201cla revisi\u00f3 del PTI suposa un instrument b\u00e0sic per fer front als reptes actuals que tenim sobre la taula com l\u2019habitatge, el turisme i el canvi clim\u00e0tic\u201d. Concretament, ha explicat que \u201cgr\u00e0cies a aquesta revisi\u00f3 podrem seguir avan\u00e7ant amb la transici\u00f3 energ\u00e8tica i en la lluita contra el canvi clim\u00e0tic, definint les zones d\u2019implementaci\u00f3 de les energies renovables i agilitzant els tr\u00e0mits\u201d. Per altra banda, \u201cel PTI tamb\u00e9 marca que l&#8217;habitatge a les zones tur\u00edstiques ha d\u2019albergar els turistes, mentre que el de les zones urbanes ha de ser pels menorquins i menorquines\u201d.<\/p>\n<p>Per concloure, Mora ha manifestat que \u201cel PSOE \u00e9s el partit pol\u00edtic que ha definit i marcat el model eco\u00f2mic i territorial que altres territoris ara volen imitar. El pr\u00f2xim diumenge 28 ens jugam aquest model marcat pel PTI que ha perm\u00e8s que Menorca sigui un model a seguir. El PP representa el model territorial que tants territoris volen defugir, com Mallorca i Eivissa\u201c.[\/vc_column_text][\/vc_column][\/vc_row]\n<\/div>","protected":false},"excerpt":{"rendered":"<p>[vc_row el_class=&#8221;img_noticia&#8221;][vc_column][vc_single_image image=&#8221;26361&#8243; img_size=&#8221;full&#8221;][\/vc_column][\/vc_row][vc_row el_class=&#8221;intro&#8221;][vc_column][vc_column_text][\/vc_column_text][\/vc_column][\/vc_row][vc_row][vc_column width=&#8221;1\/2&#8243;][vc_column_text]El PSOE va definir, fa 20 anys, i gr\u00e0cies a l\u2019aprovaci\u00f3 del Pla Territorial Insular (PTI) del 2003, el model econ\u00f2mic i territorial de Menorca. Un document que va propiciar en el seu moment l\u2019equilibri entre el desenvolupament econ\u00f2mic i social, el benestar de la poblaci\u00f3 menorquina i de les&hellip;<\/p>\n","protected":false},"author":6,"featured_media":26361,"comment_status":"open","ping_status":"open","sticky":false,"template":"","format":"standard","meta":{"footnotes":""},"categories":[2,1,90,92],"tags":[],"class_list":["post-26360","post","type-post","status-publish","format-standard","has-post-thumbnail","hentry","category-federacio-de-menorca","category-federacio-de-menorca-portada","category-municipis","category-portada"],"_links":{"self":[{"href":"https:\/\/www.psib-psoe.org\/menorca\/wp-json\/wp\/v2\/posts\/26360"}],"collection":[{"href":"https:\/\/www.psib-psoe.org\/menorca\/wp-json\/wp\/v2\/posts"}],"about":[{"href":"https:\/\/www.psib-psoe.org\/menorca\/wp-json\/wp\/v2\/types\/post"}],"author":[{"embeddable":true,"href":"https:\/\/www.psib-psoe.org\/menorca\/wp-json\/wp\/v2\/users\/6"}],"replies":[{"embeddable":true,"href":"https:\/\/www.psib-psoe.org\/menorca\/wp-json\/wp\/v2\/comments?post=26360"}],"version-history":[{"count":0,"href":"https:\/\/www.psib-psoe.org\/menorca\/wp-json\/wp\/v2\/posts\/26360\/revisions"}],"wp:featuredmedia":[{"embeddable":true,"href":"https:\/\/www.psib-psoe.org\/menorca\/wp-json\/wp\/v2\/media\/26361"}],"wp:attachment":[{"href":"https:\/\/www.psib-psoe.org\/menorca\/wp-json\/wp\/v2\/media?parent=26360"}],"wp:term":[{"taxonomy":"category","embeddable":true,"href":"https:\/\/www.psib-psoe.org\/menorca\/wp-json\/wp\/v2\/categories?post=26360"},{"taxonomy":"post_tag","embeddable":true,"href":"https:\/\/www.psib-psoe.org\/menorca\/wp-json\/wp\/v2\/tags?post=26360"}],"curies":[{"name":"wp","href":"https:\/\/api.w.org\/{rel}","templated":true}]}}