{"id":26364,"date":"2023-06-08T12:35:52","date_gmt":"2023-06-08T10:35:52","guid":{"rendered":"http:\/\/www.psib-psoe.org\/menorca\/?p=26364"},"modified":"2023-06-08T12:35:52","modified_gmt":"2023-06-08T10:35:52","slug":"el-psoe-menorca-celebra-que-pepe-mercadal-sigui-el-numero-2-de-la-candidatura-al-congres-dels-diputats-encapcalada-per-francina-armengol","status":"publish","type":"post","link":"https:\/\/www.psib-psoe.org\/menorca\/el-psoe-menorca-celebra-que-pepe-mercadal-sigui-el-numero-2-de-la-candidatura-al-congres-dels-diputats-encapcalada-per-francina-armengol\/","title":{"rendered":"El PSOE Menorca celebra que Pepe Mercadal sigui el n\u00famero 2 de la candidatura al Congr\u00e9s dels Diputats, encap\u00e7alada per Francina Armengol"},"content":{"rendered":"<div class=\"wpb-content-wrapper\">[vc_row el_class=&#8221;img_noticia&#8221;][vc_column][vc_single_image image=&#8221;26365&#8243; img_size=&#8221;full&#8221;][\/vc_column][\/vc_row][vc_row el_class=&#8221;intro&#8221;][vc_column][vc_column_text]\n<ul>\n<li>L&#8217;executiva del PSOE Menorca ha aprovat la proposta i el Comit\u00e8 Insular l&#8217;ha elevada a la Comissi\u00f3 Executiva del PSIB, celebrant que &#8220;Menorca hagi recuperat la posici\u00f3 del n\u00famero 2 de la candidatura al Congr\u00e9s dels Diputats despr\u00e9s de molts d&#8217;anys&#8221;<\/li>\n<li>El segon suplent ser\u00e0 \u00d3scar Pascual i Pilar Carrasco ocupar\u00e0 el n\u00famero 7 de la candidatura al Congr\u00e9s dels Diputats<\/li>\n<\/ul>\n[\/vc_column_text][\/vc_column][\/vc_row][vc_row][vc_column width=&#8221;1\/2&#8243;][vc_column_text]La Secret\u00e0ria General del PSOE Menorca, Susana Mora, ha anunciat avui la proposta de<span class=\"Apple-converted-space\">\u00a0 <\/span>Pepe Mercadal com a n\u00famero 2 de la candidatura dels Socialistes de Menorca al Congr\u00e9s dels Diputats de cara a les eleccions generals convocades per al 23 de juliol, encap\u00e7alada per la Secret\u00e0ria General del PSIB, Francina Armengol. Una proposta que ha estat aprovada per unanimitat per l&#8217;Executiva i posteriorment pel Comit\u00e8 Insular, m\u00e0xim \u00f2rgan de decisi\u00f3 entre congressos.<\/p>\n<p>En aquest sentit, la socialista ha celebrat que &#8220;hem assolit una fita hist\u00f2ria despr\u00e9s d&#8217;acordar que el n\u00famero 2 de la candidatura en el Congr\u00e9s dels Diputats sigui per a Menorca&#8221;, recordant que &#8220;no ten\u00edem aquesta posici\u00f3 des de l&#8217;any 2007 amb la companya Gr\u00e0cia Mu\u00f1oz al capdavant&#8221;. De fet, aquest resultat &#8220;culmina amb el reconeixement a les pol\u00edtiques progressistes que hem liderat els socialistes al llarg de tots aquests anys i amb el qual sortim m\u00e9s refor\u00e7ats que mai&#8221;.<span class=\"Apple-converted-space\">\u00a0<\/span>[\/vc_column_text][\/vc_column][vc_column width=&#8221;1\/2&#8243;][vc_column_text]A partir d&#8217;aqu\u00ed, Mora ha agra\u00eft &#8220;a totes les agrupacions locals per haver celebrat amb la urg\u00e8ncia i celeritat que marcava el calendari electoral les assemblees extraordin\u00e0ries per fer propostes a la candidatura al Congr\u00e9s&#8221;. En aquest sentit, &#8220;cr\u00e8iem que era fonamental apostar per la renovaci\u00f3, formaci\u00f3, projecci\u00f3 i joventut, per a\u00e7\u00f2 vam coincidir entre tots i totes que Pepe Mercadal era el candidat que reunia totes aquestes qualitats, a m\u00e9s de ser una persona molt valuosa i compromesa amb el nostre partit&#8221;.<span class=\"Apple-converted-space\">\u00a0<\/span><\/p>\n<p>Cal apuntar, per \u00faltim, que el segon suplent ser\u00e0 \u00d3scar Pascual i Pilar Carrasco ocupar\u00e0 el n\u00famero 7 de la candidatura.[\/vc_column_text][\/vc_column][\/vc_row]\n<\/div>","protected":false},"excerpt":{"rendered":"<p>[vc_row el_class=&#8221;img_noticia&#8221;][vc_column][vc_single_image image=&#8221;26365&#8243; img_size=&#8221;full&#8221;][\/vc_column][\/vc_row][vc_row el_class=&#8221;intro&#8221;][vc_column][vc_column_text] L&#8217;executiva del PSOE Menorca ha aprovat la proposta i el Comit\u00e8 Insular l&#8217;ha elevada a la Comissi\u00f3 Executiva del PSIB, celebrant que &#8220;Menorca hagi recuperat la posici\u00f3 del n\u00famero 2 de la candidatura al Congr\u00e9s dels Diputats despr\u00e9s de molts d&#8217;anys&#8221; El segon suplent ser\u00e0 \u00d3scar Pascual i Pilar Carrasco&hellip;<\/p>\n","protected":false},"author":6,"featured_media":26365,"comment_status":"open","ping_status":"open","sticky":false,"template":"","format":"standard","meta":{"footnotes":""},"categories":[2,1,90,92],"tags":[],"class_list":["post-26364","post","type-post","status-publish","format-standard","has-post-thumbnail","hentry","category-federacio-de-menorca","category-federacio-de-menorca-portada","category-municipis","category-portada"],"_links":{"self":[{"href":"https:\/\/www.psib-psoe.org\/menorca\/wp-json\/wp\/v2\/posts\/26364"}],"collection":[{"href":"https:\/\/www.psib-psoe.org\/menorca\/wp-json\/wp\/v2\/posts"}],"about":[{"href":"https:\/\/www.psib-psoe.org\/menorca\/wp-json\/wp\/v2\/types\/post"}],"author":[{"embeddable":true,"href":"https:\/\/www.psib-psoe.org\/menorca\/wp-json\/wp\/v2\/users\/6"}],"replies":[{"embeddable":true,"href":"https:\/\/www.psib-psoe.org\/menorca\/wp-json\/wp\/v2\/comments?post=26364"}],"version-history":[{"count":0,"href":"https:\/\/www.psib-psoe.org\/menorca\/wp-json\/wp\/v2\/posts\/26364\/revisions"}],"wp:featuredmedia":[{"embeddable":true,"href":"https:\/\/www.psib-psoe.org\/menorca\/wp-json\/wp\/v2\/media\/26365"}],"wp:attachment":[{"href":"https:\/\/www.psib-psoe.org\/menorca\/wp-json\/wp\/v2\/media?parent=26364"}],"wp:term":[{"taxonomy":"category","embeddable":true,"href":"https:\/\/www.psib-psoe.org\/menorca\/wp-json\/wp\/v2\/categories?post=26364"},{"taxonomy":"post_tag","embeddable":true,"href":"https:\/\/www.psib-psoe.org\/menorca\/wp-json\/wp\/v2\/tags?post=26364"}],"curies":[{"name":"wp","href":"https:\/\/api.w.org\/{rel}","templated":true}]}}