{"id":26375,"date":"2023-07-03T09:28:47","date_gmt":"2023-07-03T07:28:47","guid":{"rendered":"http:\/\/www.psib-psoe.org\/menorca\/?p=26375"},"modified":"2023-07-03T09:33:28","modified_gmt":"2023-07-03T07:33:28","slug":"defensem-el-pais-continuem-avancant-per-pepe-mercadal","status":"publish","type":"post","link":"https:\/\/www.psib-psoe.org\/menorca\/defensem-el-pais-continuem-avancant-per-pepe-mercadal\/","title":{"rendered":"&#8220;Defensem el pa\u00eds, continuem avan\u00e7ant&#8221;, per Pepe Mercadal"},"content":{"rendered":"<div class=\"wpb-content-wrapper\">[vc_row el_class=&#8221;img_noticia&#8221;][vc_column][vc_single_image img_size=&#8221;full&#8221;][\/vc_column][\/vc_row][vc_row el_class=&#8221;intro&#8221;][vc_column][vc_column_text][\/vc_column_text][\/vc_column][\/vc_row][vc_row][vc_column width=&#8221;1\/2&#8243;][vc_column_text]El 23 de juliol anam a les urnes per defensar el model de pa\u00eds que volem i que hem constru\u00eft els progressistes els darrers quaranta-cinc anys a Espanya. Un pa\u00eds del qual jo em sent orgull\u00f3s.<\/p>\n<p>Diuen que t&#8217;adones m\u00e9s de la riquesa d&#8217;Espanya quan surts fora a viure i la trobes a faltar. A jo m&#8217;ha passat els darrers anys. He estat treballant quatre anys al Parlament Europeu en un context hist\u00f2ric per a la Uni\u00f3 Europea, amb l&#8217;oportunitat de con\u00e8ixer persones de tots els pa\u00efsos membres.<\/p>\n<p>Explicant a gent d&#8217;arreu d&#8217;Europa la diversitat cultural que tenim t&#8217;adones del valor i el m\u00e8rit que t\u00e9 haver sabut conviure per poder cr\u00e9ixer junts. Som els m\u00e9s europeistes perqu\u00e8 sabem que un projecte pol\u00edtic conjunt, superant difer\u00e8ncies nacionals, no nom\u00e9s \u00e9s possible sin\u00f3 que \u00e9s necessari. El 1978 \u00e9rem el pa\u00eds m\u00e9s endarrerit d&#8217;Europa occidental. Avui som un dels quatre pa\u00efsos amb m\u00e9s capacitat de lideratge de la Uni\u00f3 Europea.<\/p>\n<p>I per a\u00e7\u00f2 m&#8217;espanta tant veure que les coses que he apr\u00e8s que Europa valora del nostre pa\u00eds i les que s\u00e9 que ens han fet forts, ara estan en risc. Per primera vegada des de fa quaranta-cinc anys, un partit retr\u00f2grada i contrari als valors democr\u00e0tics podria entrar al govern d&#8217;Espanya. Si el PP i Vox sumessin majoria, ja sabem el que faran perqu\u00e8 ho hem vist aquests dies al Consell, al Parlament o a la Comunitat Valenciana. Per poder ser president, Feij\u00f3o hauria de fer vicepresident a Abascal. I com veiem, el PP no t\u00e9 cap problema en cedir a les exig\u00e8ncies i l&#8217;ideari de la ultradreta.[\/vc_column_text][\/vc_column][vc_column width=&#8221;1\/2&#8243;][vc_column_text]Per\u00f2 no passar\u00e0. No passaran. Els progressistes som molts m\u00e9s. Som molts m\u00e9s els que volem un pa\u00eds divers, on tots i totes ens respectem els uns als altres. Som una gran majoria els que creiem que la viol\u00e8ncia de g\u00e8nere \u00e9s una xacra que s&#8217;ha d&#8217;acabar, i s\u00f3n una petita minoria els que diuen que no existeix. Som una gran majoria els que rebutjam que un home agredeixi a la seva parella, i una petita minoria els que creuen que aquestes agressions s\u00f3n &#8220;divorcis durs&#8221;. Som una gran majoria els que volem que les parelles homosexuals es puguin casar, i s\u00f3n una petita minoria els que volen abolir-ho. Som una gran majoria els que volem que les dones puguin avortar quan elles aix\u00ed ho decideixin, i s\u00f3n una petita minoria els que volen acabar amb aquest dret.<\/p>\n<p>Per a\u00e7\u00f2 crec que els progressistes guanyarem les eleccions el 23 de juliol perqu\u00e8 votarem per defensar el pa\u00eds d&#8217;aquells que el volen fer retrocedir. No deixarem que el PP, fent de colador de Vox, retalli, derogui i ens faci retrocedir. Votarem amb consci\u00e8ncia per poder continuar avan\u00e7ant i poder continuar sentint-nos orgullosos del pa\u00eds que anam construint junts, units en la nostra diversitat.[\/vc_column_text][\/vc_column][\/vc_row]\n<\/div>","protected":false},"excerpt":{"rendered":"<p>[vc_row el_class=&#8221;img_noticia&#8221;][vc_column][vc_single_image img_size=&#8221;full&#8221;][\/vc_column][\/vc_row][vc_row el_class=&#8221;intro&#8221;][vc_column][vc_column_text][\/vc_column_text][\/vc_column][\/vc_row][vc_row][vc_column width=&#8221;1\/2&#8243;][vc_column_text]El 23 de juliol anam a les urnes per defensar el model de pa\u00eds que volem i que hem constru\u00eft els progressistes els darrers quaranta-cinc anys a Espanya. Un pa\u00eds del qual jo em sent orgull\u00f3s. Diuen que t&#8217;adones m\u00e9s de la riquesa d&#8217;Espanya quan surts fora a viure i la&hellip;<\/p>\n","protected":false},"author":6,"featured_media":26376,"comment_status":"open","ping_status":"open","sticky":false,"template":"","format":"standard","meta":{"footnotes":""},"categories":[2,1,90,92],"tags":[],"class_list":["post-26375","post","type-post","status-publish","format-standard","has-post-thumbnail","hentry","category-federacio-de-menorca","category-federacio-de-menorca-portada","category-municipis","category-portada"],"_links":{"self":[{"href":"https:\/\/www.psib-psoe.org\/menorca\/wp-json\/wp\/v2\/posts\/26375"}],"collection":[{"href":"https:\/\/www.psib-psoe.org\/menorca\/wp-json\/wp\/v2\/posts"}],"about":[{"href":"https:\/\/www.psib-psoe.org\/menorca\/wp-json\/wp\/v2\/types\/post"}],"author":[{"embeddable":true,"href":"https:\/\/www.psib-psoe.org\/menorca\/wp-json\/wp\/v2\/users\/6"}],"replies":[{"embeddable":true,"href":"https:\/\/www.psib-psoe.org\/menorca\/wp-json\/wp\/v2\/comments?post=26375"}],"version-history":[{"count":0,"href":"https:\/\/www.psib-psoe.org\/menorca\/wp-json\/wp\/v2\/posts\/26375\/revisions"}],"wp:featuredmedia":[{"embeddable":true,"href":"https:\/\/www.psib-psoe.org\/menorca\/wp-json\/wp\/v2\/media\/26376"}],"wp:attachment":[{"href":"https:\/\/www.psib-psoe.org\/menorca\/wp-json\/wp\/v2\/media?parent=26375"}],"wp:term":[{"taxonomy":"category","embeddable":true,"href":"https:\/\/www.psib-psoe.org\/menorca\/wp-json\/wp\/v2\/categories?post=26375"},{"taxonomy":"post_tag","embeddable":true,"href":"https:\/\/www.psib-psoe.org\/menorca\/wp-json\/wp\/v2\/tags?post=26375"}],"curies":[{"name":"wp","href":"https:\/\/api.w.org\/{rel}","templated":true}]}}