{"id":26399,"date":"2023-07-19T13:05:15","date_gmt":"2023-07-19T11:05:15","guid":{"rendered":"https:\/\/www.psib-psoe.org\/menorca\/?p=26399"},"modified":"2023-07-19T13:05:15","modified_gmt":"2023-07-19T11:05:15","slug":"el-psoe-menorca-es-marca-com-a-objectiu-reforcar-els-serveis-publics-del-pais-per-oferir-una-millor-atencio-a-la-societat","status":"publish","type":"post","link":"https:\/\/www.psib-psoe.org\/menorca\/el-psoe-menorca-es-marca-com-a-objectiu-reforcar-els-serveis-publics-del-pais-per-oferir-una-millor-atencio-a-la-societat\/","title":{"rendered":"El PSOE Menorca es marca com a objectiu refor\u00e7ar els serveis p\u00fablics del pa\u00eds per oferir una millor atenci\u00f3 a la societat"},"content":{"rendered":"<div class=\"wpb-content-wrapper\">[vc_row el_class=&#8221;img_noticia&#8221;][vc_column][vc_single_image img_size=&#8221;full&#8221;][\/vc_column][\/vc_row][vc_row el_class=&#8221;intro&#8221;][vc_column][vc_column_text]Els socialistes critiquen que mentre el PP va desmantellar el sistema de sanitat p\u00fablica, el PSOE ha invertit 917M\u20ac m\u00e9s que el 2015 en pol\u00edtiques de salut[\/vc_column_text][\/vc_column][\/vc_row][vc_row][vc_column width=&#8221;1\/2&#8243;][vc_column_text]El PSOE Menorca reafirma el seu comprom\u00eds amb la salut i el benestar dels menorquins i menorquines. En aquest sentit, seguim compromesos amb millorar la qualitat assistencial i reduir les llistes d&#8217;espera en els centres de salut de la nostra illa, a m\u00e9s d&#8217;enfortir el sistema de salut mental amb la incorporaci\u00f3 de m\u00e9s professionals especialitzats.<span class=\"Apple-converted-space\">\u00a0<\/span><\/p>\n<p>&#8220;Queden molt clars els dos models de pa\u00eds que defensa el PSOE i el PP en mat\u00e8ria de salut. Mentre els populars es van dedicar a acomiadar 1.4000 professionals sanitaris, a congelar les condicions laborals dels treballadors i a tancar 80 centres d&#8217;Atenci\u00f3 Prim\u00e0ria els capvespres, el Govern socialista presidit per Francina Armengol ha incrementat el pressupost de Salut en 917M\u20ac m\u00e9s que el 2015. Tot amb l&#8217;objectiu d&#8217;apostar per un sistema sanitari p\u00fablic, gratu\u00eft, accessible, equitatiu i de qualitat&#8221;, han reconegut els candidats al Congr\u00e9s i Senat, Pepe Mercadal i Miquel Mariano.<span class=\"Apple-converted-space\">\u00a0<\/span><\/p>\n<p><b>Reducci\u00f3 de les llistes d&#8217;espera en els centres de salut<\/b><\/p>\n<p>La nostra prioritat \u00e9s garantir un acc\u00e9s r\u00e0pid i eficient als serveis sanitaris a Menorca. Per a\u00e7\u00f2, ens sumam al comprom\u00eds anunciat per Pedro S\u00e1nchez d&#8217;impulsar mesures concretes per reduir les llistes d&#8217;espera en els centres de salut de tot el pa\u00eds. De fet, aquesta mesura preveu que la Sanitat P\u00fablica cobreixi el dentista, psiquiatres, fisioterapeutes i oftalm\u00f2legs, entre d&#8217;altres perfils professionals.[\/vc_column_text][\/vc_column][vc_column width=&#8221;1\/2&#8243;][vc_column_text]<b>Millorar el finan\u00e7ament a l&#8217;Atenci\u00f3 Prim\u00e0ria<\/b><\/p>\n<p>Seguirem incrementant el finan\u00e7ament destinat a aquest nivell assistencial perq\u00e8 reconeixem la import\u00e0ncia fonamental de l&#8217;Atenci\u00f3 Prim\u00e0ria en el sistema de salut. A m\u00e9s, enfortirem els centres d&#8217;atenci\u00f3 prim\u00e0ria amb l&#8217;objectiu d&#8217;oferir una atenci\u00f3 m\u00e9s pr\u00f2xima i personalitzada als nostres ciutadans i ciutadanes.<\/p>\n<p><b>Refor\u00e7ar Salut Mental amb m\u00e9s professionals<\/b><\/p>\n<p>Som conscients de la necessitat de millorar l&#8217;atenci\u00f3 en salut mental i lluitar contra l&#8217;estigma associat. Per a\u00e7\u00f2, destinarem recursos addicionals per refor\u00e7ar els serveis de Salut Mental amb la contractaci\u00f3 de m\u00e9s professionals especialitzats en psicologia, psiquiatria i altres \u00e0rees relacionades.<\/p>\n<p>En definitiva, el PSOE Menorca reafirma el seu comprom\u00eds amb la millora cont\u00ednua de la sanitat p\u00fablica a l&#8217;illa i el refor\u00e7 dels serveis. El nostre objectiu \u00e9s garantir a tots els ciutadans i ciutadanes un acc\u00e9s equitatiu i de qualitat als serveis de salut. Aquestes mesures signifiquen un pas endavant cap a una atenci\u00f3 sanit\u00e0ria m\u00e9s eficient i centrada en les necessitats i demandes de la nostra societat.[\/vc_column_text][\/vc_column][\/vc_row]\n<\/div>","protected":false},"excerpt":{"rendered":"<p>[vc_row el_class=&#8221;img_noticia&#8221;][vc_column][vc_single_image img_size=&#8221;full&#8221;][\/vc_column][\/vc_row][vc_row el_class=&#8221;intro&#8221;][vc_column][vc_column_text]Els socialistes critiquen que mentre el PP va desmantellar el sistema de sanitat p\u00fablica, el PSOE ha invertit 917M\u20ac m\u00e9s que el 2015 en pol\u00edtiques de salut[\/vc_column_text][\/vc_column][\/vc_row][vc_row][vc_column width=&#8221;1\/2&#8243;][vc_column_text]El PSOE Menorca reafirma el seu comprom\u00eds amb la salut i el benestar dels menorquins i menorquines. En aquest sentit, seguim compromesos amb millorar la&hellip;<\/p>\n","protected":false},"author":6,"featured_media":0,"comment_status":"open","ping_status":"open","sticky":false,"template":"","format":"standard","meta":{"footnotes":""},"categories":[2,1,90,92],"tags":[],"class_list":["post-26399","post","type-post","status-publish","format-standard","hentry","category-federacio-de-menorca","category-federacio-de-menorca-portada","category-municipis","category-portada"],"_links":{"self":[{"href":"https:\/\/www.psib-psoe.org\/menorca\/wp-json\/wp\/v2\/posts\/26399"}],"collection":[{"href":"https:\/\/www.psib-psoe.org\/menorca\/wp-json\/wp\/v2\/posts"}],"about":[{"href":"https:\/\/www.psib-psoe.org\/menorca\/wp-json\/wp\/v2\/types\/post"}],"author":[{"embeddable":true,"href":"https:\/\/www.psib-psoe.org\/menorca\/wp-json\/wp\/v2\/users\/6"}],"replies":[{"embeddable":true,"href":"https:\/\/www.psib-psoe.org\/menorca\/wp-json\/wp\/v2\/comments?post=26399"}],"version-history":[{"count":0,"href":"https:\/\/www.psib-psoe.org\/menorca\/wp-json\/wp\/v2\/posts\/26399\/revisions"}],"wp:attachment":[{"href":"https:\/\/www.psib-psoe.org\/menorca\/wp-json\/wp\/v2\/media?parent=26399"}],"wp:term":[{"taxonomy":"category","embeddable":true,"href":"https:\/\/www.psib-psoe.org\/menorca\/wp-json\/wp\/v2\/categories?post=26399"},{"taxonomy":"post_tag","embeddable":true,"href":"https:\/\/www.psib-psoe.org\/menorca\/wp-json\/wp\/v2\/tags?post=26399"}],"curies":[{"name":"wp","href":"https:\/\/api.w.org\/{rel}","templated":true}]}}