{"id":26402,"date":"2023-08-17T13:01:11","date_gmt":"2023-08-17T11:01:11","guid":{"rendered":"https:\/\/www.psib-psoe.org\/menorca\/?p=26402"},"modified":"2023-08-17T13:01:11","modified_gmt":"2023-08-17T11:01:11","slug":"el-psoe-menorca-celebra-que-shagi-constituit-la-mesa-del-congres-amb-francina-armengol-com-a-presidenta-de-la-cambra","status":"publish","type":"post","link":"https:\/\/www.psib-psoe.org\/menorca\/el-psoe-menorca-celebra-que-shagi-constituit-la-mesa-del-congres-amb-francina-armengol-com-a-presidenta-de-la-cambra\/","title":{"rendered":"El PSOE Menorca celebra que s&#8217;hagi constitu\u00eft la mesa del Congr\u00e9s amb Francina Armengol com a presidenta de la Cambra"},"content":{"rendered":"<div class=\"wpb-content-wrapper\">[vc_row el_class=&#8221;img_noticia&#8221;][vc_column][vc_single_image image=&#8221;26403&#8243; img_size=&#8221;full&#8221;][\/vc_column][\/vc_row][vc_row el_class=&#8221;intro&#8221;][vc_column][vc_column_text]El partit tamb\u00e9 celebra que el company Pepe Mercadal sigui diputat del Congr\u00e9s[\/vc_column_text][\/vc_column][\/vc_row][vc_row][vc_column width=&#8221;1\/2&#8243;][vc_column_text]El PSOE Menorca celebra que aquest mat\u00ed s&#8217;hagi constitu\u00eft la Mesa del Congr\u00e9s, el m\u00e0xim \u00f2rgan de govern i organitzaci\u00f3 del Parlament, i Francina Armengol hagi sortit elegida com a presidenta de la Cambra amb majoria absoluta. El partit vol recon\u00e8ixer el seu perfil com el millor per ostentar aquest c\u00e0rrec, ja que la seva experi\u00e8ncia com a presidenta del Govern de les Illes Balears i la dedicaci\u00f3 demostrada amb fer avan\u00e7ar les Illes Baleras la fan mereixedora de la presid\u00e8ncia.<\/p>\n<p>Aix\u00ed mateix, el PSOE Menorca tamb\u00e9 celebra la designaci\u00f3 de Pepe Mercadal com a diputat de la cambra. Mercadal ha demostrat al llarg dels anys el seu ferm comprom\u00eds amb el partit i amb els valors que el representen. De fet, el partit assegura que la seva convicci\u00f3 amb el fet que la via per transformar la qualitat de la gent \u00e9s a trav\u00e9s de la pol\u00edtica el converteix en una persona exemplar<span class=\"Apple-converted-space\">\u00a0 <\/span>per defensar els interessos de tots i totes.[\/vc_column_text][\/vc_column][vc_column width=&#8221;1\/2&#8243;][vc_column_text]Mercadal ha explicat que &#8220;ara que hem donat inici a la XV Legislatura, ens toca treballar per formar un govern progressista a Espanya que impulsi un creixement econ\u00f2mic just del que tothom s\u2019hi beneficii, que avanci en la transici\u00f3 ecol\u00f2gica i que sigui sensible amb la pluralitat del pa\u00eds, tamb\u00e9 amb la insularitat&#8221;.<span class=\"Apple-converted-space\">\u00a0<\/span><\/p>\n<p>Amb tot, el PSOE Menorca agraeix a tots els membres del partit i als ciutadans que han confiat en el Partit Socialista per representar les seves veus en el Congr\u00e9s. Reafirmam el nostre comprom\u00eds en seguir fent feina, tal com hem fet fins ara, per construir un futur en el qual la participaci\u00f3 activa, la diversitat d&#8217;opinions i el respecte mutu siguin els pilars fonamentals del nostre sistema democr\u00e0tic.[\/vc_column_text][\/vc_column][\/vc_row]\n<\/div>","protected":false},"excerpt":{"rendered":"<p>[vc_row el_class=&#8221;img_noticia&#8221;][vc_column][vc_single_image image=&#8221;26403&#8243; img_size=&#8221;full&#8221;][\/vc_column][\/vc_row][vc_row el_class=&#8221;intro&#8221;][vc_column][vc_column_text]El partit tamb\u00e9 celebra que el company Pepe Mercadal sigui diputat del Congr\u00e9s[\/vc_column_text][\/vc_column][\/vc_row][vc_row][vc_column width=&#8221;1\/2&#8243;][vc_column_text]El PSOE Menorca celebra que aquest mat\u00ed s&#8217;hagi constitu\u00eft la Mesa del Congr\u00e9s, el m\u00e0xim \u00f2rgan de govern i organitzaci\u00f3 del Parlament, i Francina Armengol hagi sortit elegida com a presidenta de la Cambra amb majoria absoluta. El&hellip;<\/p>\n","protected":false},"author":6,"featured_media":26403,"comment_status":"open","ping_status":"open","sticky":false,"template":"","format":"standard","meta":{"footnotes":""},"categories":[2,1,92],"tags":[],"class_list":["post-26402","post","type-post","status-publish","format-standard","has-post-thumbnail","hentry","category-federacio-de-menorca","category-federacio-de-menorca-portada","category-portada"],"_links":{"self":[{"href":"https:\/\/www.psib-psoe.org\/menorca\/wp-json\/wp\/v2\/posts\/26402"}],"collection":[{"href":"https:\/\/www.psib-psoe.org\/menorca\/wp-json\/wp\/v2\/posts"}],"about":[{"href":"https:\/\/www.psib-psoe.org\/menorca\/wp-json\/wp\/v2\/types\/post"}],"author":[{"embeddable":true,"href":"https:\/\/www.psib-psoe.org\/menorca\/wp-json\/wp\/v2\/users\/6"}],"replies":[{"embeddable":true,"href":"https:\/\/www.psib-psoe.org\/menorca\/wp-json\/wp\/v2\/comments?post=26402"}],"version-history":[{"count":0,"href":"https:\/\/www.psib-psoe.org\/menorca\/wp-json\/wp\/v2\/posts\/26402\/revisions"}],"wp:featuredmedia":[{"embeddable":true,"href":"https:\/\/www.psib-psoe.org\/menorca\/wp-json\/wp\/v2\/media\/26403"}],"wp:attachment":[{"href":"https:\/\/www.psib-psoe.org\/menorca\/wp-json\/wp\/v2\/media?parent=26402"}],"wp:term":[{"taxonomy":"category","embeddable":true,"href":"https:\/\/www.psib-psoe.org\/menorca\/wp-json\/wp\/v2\/categories?post=26402"},{"taxonomy":"post_tag","embeddable":true,"href":"https:\/\/www.psib-psoe.org\/menorca\/wp-json\/wp\/v2\/tags?post=26402"}],"curies":[{"name":"wp","href":"https:\/\/api.w.org\/{rel}","templated":true}]}}