{"id":26443,"date":"2023-10-06T16:17:06","date_gmt":"2023-10-06T14:17:06","guid":{"rendered":"https:\/\/www.psib-psoe.org\/menorca\/?p=26443"},"modified":"2023-10-06T16:17:06","modified_gmt":"2023-10-06T14:17:06","slug":"el-psoe-demana-al-pp-que-paralitzi-el-decret-llei-dhabitatge-i-obri-un-proces-de-dialeg-i-acord-amb-els-consells-insulars-i-ajuntaments","status":"publish","type":"post","link":"https:\/\/www.psib-psoe.org\/menorca\/el-psoe-demana-al-pp-que-paralitzi-el-decret-llei-dhabitatge-i-obri-un-proces-de-dialeg-i-acord-amb-els-consells-insulars-i-ajuntaments\/","title":{"rendered":"El PSOE demana al PP que paralitzi el Decret Llei d&#8217;habitatge i obri un  proc\u00e9s de di\u00e0leg i acord amb els Consells Insulars i ajuntaments"},"content":{"rendered":"<div class=\"wpb-content-wrapper\">[vc_row el_class=&#8221;img_noticia&#8221;][vc_column][vc_single_image image=&#8221;26444&#8243; img_size=&#8221;full&#8221;][\/vc_column][\/vc_row][vc_row el_class=&#8221;intro&#8221;][vc_column][vc_column_text]Els i les socialistes acusen el Govern de voler importar a Menorca el model urban\u00edstic i territorial d&#8217;Eivissa<span class=\"Apple-converted-space\">\u00a0<\/span>[\/vc_column_text][\/vc_column][\/vc_row][vc_row][vc_column width=&#8221;1\/2&#8243;][vc_column_text]El PSOE Menorca ha mostrat el seu desacord amb el Decret llei en mat\u00e8ria d&#8217;Habitatge proposat pel Govern de les Illes Balears i ha demanat al Partit Popular que paralitzi l&#8217;aplicaci\u00f3 d&#8217;aquest Decret Llei i obri un proc\u00e9s de di\u00e0leg i d&#8217;acord amb els Consells Insulars i els ajuntaments. En aquest sentit, el partit ha instat que els populars reconsiderin les mesures previstes en el Decret Llei i els avisen que la seva aplicaci\u00f3 desvirtuar\u00e0 el model urban\u00edstic i territorial de Menorca.<span class=\"Apple-converted-space\">\u00a0<\/span><\/p>\n<p>El diputat socialista, Marc Pons, ha criticat que &#8220;aquest Decret generar\u00e0 incerteses i molta confussi\u00f3, a m\u00e9s de no donar resposta als objectius que persegueix&#8221;. De fet, &#8220;est\u00e0 pensat per incrementar el beneficis dels promotors: es permetr\u00e0 la construcci\u00f3 d&#8217;habitatges amb un preu molt m\u00e9s elevat que el preu de mercat&#8221;. Concretament, &#8220;el preu que s&#8217;ha marcat \u00e9s de 3.500\u20ac\/m2, mentre que el preu mitj\u00e0 de venda en aquests moments \u00e9s de 2.800\u20ac\/m2&#8221;. Per tant, &#8220;s&#8217;exoneren de compliments de par\u00e0metres urban\u00edstics i, alhora, es permeten habitatges a preus molt m\u00e9s cars&#8221;. <span class=\"Apple-converted-space\">\u00a0<\/span><\/p>\n<p>A\u00e7\u00f2 va acompanyat pel fet que &#8220;via decret llei es bota el compliment de la normativa del planetjamenet municipal urban\u00edstic i tamb\u00e9 del Pla Insular Territorial&#8221;. \u00c9s a dir, &#8220;a cop de decret llei ens oblidam de les normes urban\u00edstiques que regeixen en els municipis i en els Consells Insulars&#8221;, ha afegit, per\u00f2 ha avisat que &#8220;aquesta llibertat t\u00e9 conseq\u00fc\u00e8ncies negatives.&#8221; Una d&#8217;elles \u00e9s que es desvirtua la conformaci\u00f3 de cada poble, altera tot el que fa refer\u00e8ncia als equipaments, especialment als privats, i incideix de forma negativa sobre les zones tur\u00edstiques, entre d&#8217;altres&#8221;.<span class=\"Apple-converted-space\">\u00a0<\/span>[\/vc_column_text][\/vc_column][vc_column width=&#8221;1\/2&#8243;][vc_column_text]Concretament, Pons ha fet refer\u00e8ncia a alguns exemples que escenifiquen el perill que suposa la posada en marxa d&#8217;aquest Decret. &#8220;El propietari del centre comercial de Son Bou, un equipament privat que est\u00e0 ubicat al costat dels Hotels Meli\u00e0, pot presentar un projecte per construir pisos de 60 m2 damunt la planta baixa fins a l&#8217;al\u00e7ada dels hotels. I el mateix camb el el Palau de Ca&#8217;s Comte. Un edifici hist\u00f2ric i emblem\u00e0tic que, gr\u00e0cies al Decret, es pot convertir en plantes de pisos de 60 m2&#8221;.<span class=\"Apple-converted-space\">\u00a0<\/span><\/p>\n<p>Per part seva, la portaveu del Grup Socialista, B\u00e0rbara Torrent, s&#8217;ha afegit a les paraules de Pons i ha demanat al president del Consell Insular, Adolfo Vilafranca, que &#8220;es posicioni sobre aquest Decret, ja que, una vegada m\u00e9s, el Govern auton\u00f2mic ha passat per damunt del Consell Insular i dels ajuntaments i no ha escoltat la seva veu a l&#8217;hora de tirar endavant aquesta iniciativa&#8221;. &#8220;\u00c9s una q\u00fcesti\u00f3 que ens preocupa molt&#8221;, ha defensat, &#8220;perqu\u00e8 a Menorca tenim un model territorial exemplar i a trav\u00e9s d&#8217;aquesta normativa es posa en perill la seva continu\u00eftat, protecci\u00f3 i desenvolupament&#8221;.<span class=\"Apple-converted-space\">\u00a0<\/span><\/p>\n<p>Per \u00faltim, els socialistes han coincidit que &#8220;la nostra prioritat segueix sent la de garantir el benestar i la qualitat de vida dels menorquins i menorquines. Per tant, esteim disposats a col\u00b7laborar amb el Govern auton\u00f2mic, sempre de la m\u00e0 dels ajuntaments, per trobar solucions equitatives i efectives que realment incideixin en l&#8217;\u00e0mbit de l&#8217;habitatge&#8221;.<span class=\"Apple-converted-space\">\u00a0<\/span>[\/vc_column_text][\/vc_column][\/vc_row]\n<\/div>","protected":false},"excerpt":{"rendered":"<p>[vc_row el_class=&#8221;img_noticia&#8221;][vc_column][vc_single_image image=&#8221;26444&#8243; img_size=&#8221;full&#8221;][\/vc_column][\/vc_row][vc_row el_class=&#8221;intro&#8221;][vc_column][vc_column_text]Els i les socialistes acusen el Govern de voler importar a Menorca el model urban\u00edstic i territorial d&#8217;Eivissa\u00a0[\/vc_column_text][\/vc_column][\/vc_row][vc_row][vc_column width=&#8221;1\/2&#8243;][vc_column_text]El PSOE Menorca ha mostrat el seu desacord amb el Decret llei en mat\u00e8ria d&#8217;Habitatge proposat pel Govern de les Illes Balears i ha demanat al Partit Popular que paralitzi l&#8217;aplicaci\u00f3 d&#8217;aquest Decret&hellip;<\/p>\n","protected":false},"author":6,"featured_media":26444,"comment_status":"open","ping_status":"open","sticky":false,"template":"","format":"standard","meta":{"footnotes":""},"categories":[2,1,90,92],"tags":[],"class_list":["post-26443","post","type-post","status-publish","format-standard","has-post-thumbnail","hentry","category-federacio-de-menorca","category-federacio-de-menorca-portada","category-municipis","category-portada"],"_links":{"self":[{"href":"https:\/\/www.psib-psoe.org\/menorca\/wp-json\/wp\/v2\/posts\/26443"}],"collection":[{"href":"https:\/\/www.psib-psoe.org\/menorca\/wp-json\/wp\/v2\/posts"}],"about":[{"href":"https:\/\/www.psib-psoe.org\/menorca\/wp-json\/wp\/v2\/types\/post"}],"author":[{"embeddable":true,"href":"https:\/\/www.psib-psoe.org\/menorca\/wp-json\/wp\/v2\/users\/6"}],"replies":[{"embeddable":true,"href":"https:\/\/www.psib-psoe.org\/menorca\/wp-json\/wp\/v2\/comments?post=26443"}],"version-history":[{"count":0,"href":"https:\/\/www.psib-psoe.org\/menorca\/wp-json\/wp\/v2\/posts\/26443\/revisions"}],"wp:featuredmedia":[{"embeddable":true,"href":"https:\/\/www.psib-psoe.org\/menorca\/wp-json\/wp\/v2\/media\/26444"}],"wp:attachment":[{"href":"https:\/\/www.psib-psoe.org\/menorca\/wp-json\/wp\/v2\/media?parent=26443"}],"wp:term":[{"taxonomy":"category","embeddable":true,"href":"https:\/\/www.psib-psoe.org\/menorca\/wp-json\/wp\/v2\/categories?post=26443"},{"taxonomy":"post_tag","embeddable":true,"href":"https:\/\/www.psib-psoe.org\/menorca\/wp-json\/wp\/v2\/tags?post=26443"}],"curies":[{"name":"wp","href":"https:\/\/api.w.org\/{rel}","templated":true}]}}