{"id":26461,"date":"2023-10-24T11:24:41","date_gmt":"2023-10-24T09:24:41","guid":{"rendered":"https:\/\/www.psib-psoe.org\/menorca\/?p=26461"},"modified":"2023-10-24T11:24:41","modified_gmt":"2023-10-24T09:24:41","slug":"el-psoe-menorca-acusa-el-partit-popular-de-mentir-sobre-el-decret-llei-i-li-demana-que-torni-al-seny","status":"publish","type":"post","link":"https:\/\/www.psib-psoe.org\/menorca\/el-psoe-menorca-acusa-el-partit-popular-de-mentir-sobre-el-decret-llei-i-li-demana-que-torni-al-seny\/","title":{"rendered":"El PSOE Menorca acusa el Partit Popular de mentir sobre el Decret Llei i li demana que torni al seny"},"content":{"rendered":"<div class=\"wpb-content-wrapper\">[vc_row el_class=&#8221;img_noticia&#8221;][vc_column][vc_single_image image=&#8221;26437&#8243; img_size=&#8221;full&#8221;][\/vc_column][\/vc_row][vc_row el_class=&#8221;intro&#8221;][vc_column][vc_column_text][\/vc_column_text][\/vc_column][\/vc_row][vc_row][vc_column width=&#8221;1\/2&#8243;][vc_column_text]Davant les recents informacions aparegudes en premsa sobre el Decret Llei d&#8217;Habitatge, en les quals el Partit Popular acusa el PSOE de &#8220;boicotejar&#8221; aquesta iniciativa i de voler frenar la seva aplicaci\u00f3, el partit vol aclarir alguns aspectes.<\/p>\n<p>En primer lloc, el PSOE Menorca vol deixar clar als populars que es tracta d&#8217;un Decret Llei que no va d&#8217;habitatge p\u00fablic, sin\u00f3 d&#8217;habitatge d&#8217;iniciativa privada. De fet, el partit l&#8217;acusa de mentir, ja que defensen que el bloqueig a Ciutadella i a Ma\u00f3 impedir\u00e0 que es pugui destinar s\u00f2l p\u00fablic a l&#8217;IBAVI per seguir construint habitatge social a la nostra illa.<\/p>\n<p>En aquest sentit, el PSOE Menorca recorda els populars que els ajuntaments podien cedir s\u00f2l p\u00fablic per a la construcci\u00f3 d&#8217;habitatges de protecci\u00f3 oficial abans del Decret i ho poden seguir fent ara, amb la seva execuci\u00f3 i posada en marxa. Per tant, no s&#8217;impedeix, de cap manera, que es pugui seguir cedint s\u00f2l p\u00fablic, i demana que deixin de dir mentides i confondre l&#8217;opini\u00f3 p\u00fablica amb una q\u00fcesti\u00f3 que \u00e9s cabdal per a la societat.<\/p>\n<p>En segon lloc, el PSOE desmenteix que estigui &#8220;boicotejant&#8221; aquesta normativa, ja que el que fa \u00e9s aplicar el que el Decret ja preveu de manera reiterada en les seves disposicions normatives: <i>&#8220;Sens perjudici de l&#8217;efic\u00e0cia immediata de les mesures, els ajuntaments, en l&#8217;\u00e0mbit de les seves compet\u00e8ncies en mat\u00e8ria d&#8217;urbanisme, poden acordar no aplicar aquesta disposici\u00f3, o b\u00e9 exceptuar l&#8217;aplicaci\u00f3 d&#8217;aquesta en aquells equipaments per raons paisatg\u00edstiques, de proced\u00e8ncia, de mobilitat o qualsevol altra en qu\u00e8 es justifiqui la no implantaci\u00f3 d&#8217;habitatge protegit o de preu limitat en aquell \u00e0mbit.\u201d<\/i>[\/vc_column_text][\/vc_column][vc_column width=&#8221;1\/2&#8243;][vc_column_text]Aix\u00ed, el que fa el PSOE \u00e9s aplicar el que diu el decret i demanar que, mentre s&#8217;estudien les conseq\u00fc\u00e8ncies i els efectes de l&#8217;aplicaci\u00f3 en la seva totalitat d&#8217;aquest Decret Llei, els ajuntaments puguin analitzar, amb temps i forma, les mesures previstes en la normativa i que per als seus pobles siguin m\u00e9s interessants a l&#8217;hora d&#8217;aplicar-les. Cal recordar, tamb\u00e9, que el decret \u00e9s d&#8217;\u00e0mbit auton\u00f2mic i interfereix en les compet\u00e8ncies dels propis ajuntaments.<\/p>\n<p>Amb tot, el PSOE Menorca defensa que la seva prioritat segueix sent la de garantir el benestar i la qualitat de vida dels menorquins i menorquines. Per tant, est\u00e0 disposat a col\u00b7laborar amb el Govern auton\u00f2mic, sempre de la m\u00e0 dels ajuntaments, per trobar solucions equitatives i efectives que realment incideixin en l\u2019\u00e0mbit de l\u2019habitatge i donin soluci\u00f3 als problemes reals que t\u00e9 la gent de Menorca.<span class=\"Apple-converted-space\">\u00a0<\/span>[\/vc_column_text][\/vc_column][\/vc_row]\n<\/div>","protected":false},"excerpt":{"rendered":"<p>[vc_row el_class=&#8221;img_noticia&#8221;][vc_column][vc_single_image image=&#8221;26437&#8243; img_size=&#8221;full&#8221;][\/vc_column][\/vc_row][vc_row el_class=&#8221;intro&#8221;][vc_column][vc_column_text][\/vc_column_text][\/vc_column][\/vc_row][vc_row][vc_column width=&#8221;1\/2&#8243;][vc_column_text]Davant les recents informacions aparegudes en premsa sobre el Decret Llei d&#8217;Habitatge, en les quals el Partit Popular acusa el PSOE de &#8220;boicotejar&#8221; aquesta iniciativa i de voler frenar la seva aplicaci\u00f3, el partit vol aclarir alguns aspectes. En primer lloc, el PSOE Menorca vol deixar clar als populars que&hellip;<\/p>\n","protected":false},"author":6,"featured_media":26437,"comment_status":"open","ping_status":"open","sticky":false,"template":"","format":"standard","meta":{"footnotes":""},"categories":[2,1,90,92],"tags":[],"class_list":["post-26461","post","type-post","status-publish","format-standard","has-post-thumbnail","hentry","category-federacio-de-menorca","category-federacio-de-menorca-portada","category-municipis","category-portada"],"_links":{"self":[{"href":"https:\/\/www.psib-psoe.org\/menorca\/wp-json\/wp\/v2\/posts\/26461"}],"collection":[{"href":"https:\/\/www.psib-psoe.org\/menorca\/wp-json\/wp\/v2\/posts"}],"about":[{"href":"https:\/\/www.psib-psoe.org\/menorca\/wp-json\/wp\/v2\/types\/post"}],"author":[{"embeddable":true,"href":"https:\/\/www.psib-psoe.org\/menorca\/wp-json\/wp\/v2\/users\/6"}],"replies":[{"embeddable":true,"href":"https:\/\/www.psib-psoe.org\/menorca\/wp-json\/wp\/v2\/comments?post=26461"}],"version-history":[{"count":0,"href":"https:\/\/www.psib-psoe.org\/menorca\/wp-json\/wp\/v2\/posts\/26461\/revisions"}],"wp:featuredmedia":[{"embeddable":true,"href":"https:\/\/www.psib-psoe.org\/menorca\/wp-json\/wp\/v2\/media\/26437"}],"wp:attachment":[{"href":"https:\/\/www.psib-psoe.org\/menorca\/wp-json\/wp\/v2\/media?parent=26461"}],"wp:term":[{"taxonomy":"category","embeddable":true,"href":"https:\/\/www.psib-psoe.org\/menorca\/wp-json\/wp\/v2\/categories?post=26461"},{"taxonomy":"post_tag","embeddable":true,"href":"https:\/\/www.psib-psoe.org\/menorca\/wp-json\/wp\/v2\/tags?post=26461"}],"curies":[{"name":"wp","href":"https:\/\/api.w.org\/{rel}","templated":true}]}}