{"id":26483,"date":"2023-11-16T17:44:46","date_gmt":"2023-11-16T15:44:46","guid":{"rendered":"https:\/\/www.psib-psoe.org\/menorca\/?p=26483"},"modified":"2023-11-16T17:44:46","modified_gmt":"2023-11-16T15:44:46","slug":"el-psoe-menorca-es-felicita-per-la-investidura-de-pedro-sanchez-com-a-president-del-govern-despanya","status":"publish","type":"post","link":"https:\/\/www.psib-psoe.org\/menorca\/el-psoe-menorca-es-felicita-per-la-investidura-de-pedro-sanchez-com-a-president-del-govern-despanya\/","title":{"rendered":"El PSOE Menorca es felicita per la investidura de Pedro S\u00e1nchez com a president del Govern d\u2019Espanya"},"content":{"rendered":"<div class=\"wpb-content-wrapper\">[vc_row el_class=&#8221;img_noticia&#8221;][vc_column][vc_single_image image=&#8221;26420&#8243; img_size=&#8221;full&#8221;][\/vc_column][\/vc_row][vc_row el_class=&#8221;intro&#8221;][vc_column][vc_column_text]<b>El diputat Pepe Mercadal evidencia el contrast d\u2019un candidat que dona la cara i planteja solucions als problemes de la gent, amb Feij\u00f3o, que \u00e9s incapa\u00e7 de donar respostes als reptes del pa\u00eds.<\/b>[\/vc_column_text][\/vc_column][\/vc_row][vc_row][vc_column width=&#8221;1\/2&#8243;][vc_column_text]El diputat del PSOE, Pepe Mercadal, ha expressat l\u2019alegria del PSOE Menorca per la majoria absoluta assolida per Pedro S\u00e1nchez en la votaci\u00f3 per la seva investidura com a president del Govern d\u2019Espanya.<\/p>\n<p>En analitzar el discurs del candidat, ha valorat que S\u00e1nchez \u201cs\u00ed que ha explicat el seu projecte de pa\u00eds i ha parlat dels problemes que t\u00e9 la gent\u201d. Ha dit que \u201cha xerrat de front dels reptes que tenim com a societat i ha proposat solucions\u201d. En comparar-lo amb l\u2019intent d\u2019investidura de Feij\u00f3o de fa dos mesos, aquest \u201cno va dir quin \u00e9s el seu projecte de pa\u00eds, no va xerrar dels problemes reals de la gent: de l\u2019acc\u00e9s a l\u2019habitatge, del canvi clim\u00e0tic, de l\u2019augment dels preus, dels sous\u2026 per aquests problemes, Pedro S\u00e1nchez s\u00ed que ha plantejat solucions\u201d.[\/vc_column_text][\/vc_column][vc_column width=&#8221;1\/2&#8243;][vc_column_text]A m\u00e9s, ha afirmat que les sessions s\u2019han desenvolupat \u201camb total normalitat democr\u00e0tica\u201d, la qual cosa demostra \u201cuna mostra de la fortalesa del nostre sistema democr\u00e0tic\u201d. Mercadal ha lamentat el discurs \u201ccatastrofista\u201d del Partit Popular i Vox. I ha recordat que aquest discurs no \u00e9s nou, ja que la dreta l\u2019ha emprat durants els darrers quaranta anys de democr\u00e0cia, acusant sempre el PSOE de rompre Espanya: \u201cFelipe Gonz\u00e1lez rompia Espanya, Zapatero rompia Espanya i ara li toca a Pedro S\u00e1nchez\u201d. Per\u00f2 ha valorat que s\u00f3n arguments \u201cque no se\u2019ls creu ning\u00fa\u201d. \u201cA la vista est\u00e0 que els socialistes han governat durant molts d\u2019aquests anys i avui Espanya \u00e9s un pa\u00eds millor\u201d.<span class=\"Apple-converted-space\">\u00a0<\/span><\/p>\n<p>Amb tot, Pepe Mercadal ha concl\u00f2s que el PSOE ha governat sempre per solucionar els problemes reals de la gent i \u201ca\u00e7\u00f2 \u00e9s el que farem en aquesta nova legislatura\u201d. I ha concretat algunes de les prioritats: \u201cgovernar per generar llocs de feina, per refor\u00e7ar els serveis p\u00fablics, per mitigar i adaptar-nos als efectes del canvi clim\u00e0tic, per combatre la desigualtat i la viol\u00e8ncia de g\u00e8nere o governar per controlar la inflacci\u00f3\u201d.[\/vc_column_text][\/vc_column][\/vc_row]\n<\/div>","protected":false},"excerpt":{"rendered":"<p>[vc_row el_class=&#8221;img_noticia&#8221;][vc_column][vc_single_image image=&#8221;26420&#8243; img_size=&#8221;full&#8221;][\/vc_column][\/vc_row][vc_row el_class=&#8221;intro&#8221;][vc_column][vc_column_text]El diputat Pepe Mercadal evidencia el contrast d\u2019un candidat que dona la cara i planteja solucions als problemes de la gent, amb Feij\u00f3o, que \u00e9s incapa\u00e7 de donar respostes als reptes del pa\u00eds.[\/vc_column_text][\/vc_column][\/vc_row][vc_row][vc_column width=&#8221;1\/2&#8243;][vc_column_text]El diputat del PSOE, Pepe Mercadal, ha expressat l\u2019alegria del PSOE Menorca per la majoria absoluta assolida per&hellip;<\/p>\n","protected":false},"author":6,"featured_media":26433,"comment_status":"open","ping_status":"open","sticky":false,"template":"","format":"standard","meta":{"footnotes":""},"categories":[2,1,92],"tags":[],"class_list":["post-26483","post","type-post","status-publish","format-standard","has-post-thumbnail","hentry","category-federacio-de-menorca","category-federacio-de-menorca-portada","category-portada"],"_links":{"self":[{"href":"https:\/\/www.psib-psoe.org\/menorca\/wp-json\/wp\/v2\/posts\/26483"}],"collection":[{"href":"https:\/\/www.psib-psoe.org\/menorca\/wp-json\/wp\/v2\/posts"}],"about":[{"href":"https:\/\/www.psib-psoe.org\/menorca\/wp-json\/wp\/v2\/types\/post"}],"author":[{"embeddable":true,"href":"https:\/\/www.psib-psoe.org\/menorca\/wp-json\/wp\/v2\/users\/6"}],"replies":[{"embeddable":true,"href":"https:\/\/www.psib-psoe.org\/menorca\/wp-json\/wp\/v2\/comments?post=26483"}],"version-history":[{"count":0,"href":"https:\/\/www.psib-psoe.org\/menorca\/wp-json\/wp\/v2\/posts\/26483\/revisions"}],"wp:featuredmedia":[{"embeddable":true,"href":"https:\/\/www.psib-psoe.org\/menorca\/wp-json\/wp\/v2\/media\/26433"}],"wp:attachment":[{"href":"https:\/\/www.psib-psoe.org\/menorca\/wp-json\/wp\/v2\/media?parent=26483"}],"wp:term":[{"taxonomy":"category","embeddable":true,"href":"https:\/\/www.psib-psoe.org\/menorca\/wp-json\/wp\/v2\/categories?post=26483"},{"taxonomy":"post_tag","embeddable":true,"href":"https:\/\/www.psib-psoe.org\/menorca\/wp-json\/wp\/v2\/tags?post=26483"}],"curies":[{"name":"wp","href":"https:\/\/api.w.org\/{rel}","templated":true}]}}