{"id":26504,"date":"2023-12-07T11:58:02","date_gmt":"2023-12-07T09:58:02","guid":{"rendered":"https:\/\/www.psib-psoe.org\/menorca\/?p=26504"},"modified":"2023-12-07T11:58:02","modified_gmt":"2023-12-07T09:58:02","slug":"pilar-carbonero-denuncia-la-perdua-d11-milions-deuros-de-fons-europeus-per-a-installacions-dautoconsum-a-les-illes-balears","status":"publish","type":"post","link":"https:\/\/www.psib-psoe.org\/menorca\/pilar-carbonero-denuncia-la-perdua-d11-milions-deuros-de-fons-europeus-per-a-installacions-dautoconsum-a-les-illes-balears\/","title":{"rendered":"Pilar Carbonero denuncia la p\u00e8rdua d&#8217;11 milions d&#8217;euros de Fons Europeus per a instal\u00b7lacions d&#8217;autoconsum a les Illes Balears"},"content":{"rendered":"<div class=\"wpb-content-wrapper\">[vc_row el_class=&#8221;img_noticia&#8221;][vc_column][vc_single_image img_size=&#8221;full&#8221;][\/vc_column][\/vc_row][vc_row el_class=&#8221;intro&#8221;][vc_column][vc_column_text]La socialista va criticar que el Govern de Prohens fa passes enrere en mat\u00e8ria de transici\u00f3 ecol\u00f2gica i va denunciar el retroc\u00e9s en implementaci\u00f3 d&#8217;energies renovables[\/vc_column_text][\/vc_column][\/vc_row][vc_row][vc_column width=&#8221;1\/2&#8243;][vc_column_text]En el plenari del Parlament de les Illes Balears que es va celebrar ahir, dimarts, la diputada Pilar Carbonero va criticar les passes cap enrere que fa el Govern quant a transici\u00f3 ecol\u00f2gica, i va posar tres exemples que aix\u00ed ho demostren. &#8220;No ens pot dir que est\u00e0 d&#8217;acord amb el suport europeu per a la transici\u00f3 ecol\u00f2gica i perdre, alhora, recursos econ\u00f2mics pel projecte de repotenciaci\u00f3 de Mil\u00e0; defensar que est\u00e0 a favor de la descarbonitzaci\u00f3 de la mobilitat i no lluitar per tenir la gratu\u00eftat del transport p\u00fablic a Menorca o fer pagar per a la rec\u00e0rrega dels vehicles, entre d&#8217;altres&#8221;.<span class=\"Apple-converted-space\">\u00a0<\/span><\/p>\n<p>A m\u00e9s, la socialista es va mostrar sorpresa que &#8220;el Govern encara no hagi sol\u00b7licitat les ajudes per a l&#8217;autoconsum al Ministeri&#8221;, un fet que Carbonero va qualificar de &#8220;molt greu&#8221; i va acusar el conseller de &#8220;deixar perdre recursos fonamentals per a l&#8217;avan\u00e7 cap a unes illes m\u00e9s sostenibles&#8221;.<span class=\"Apple-converted-space\">\u00a0<\/span>[\/vc_column_text][\/vc_column][vc_column width=&#8221;1\/2&#8243;][vc_column_text]A m\u00e9s, va afegir que &#8220;han passat de l&#8217;impost al s\u00f2l al boicoteig a milers de fam\u00edlies que poden instal\u00b7lar infraestructures d&#8217;autoconsum a les seves cases&#8221;. En definitiva, &#8220;es tracta d&#8217;una p\u00e8rdua molt grossa de credibilitat cap el govern auton\u00f2mic i cap el seu comprom\u00eds amb aquesta terra&#8221;, va concloure.<span class=\"Apple-converted-space\">\u00a0<\/span><\/p>\n<p>Amb tot, la socialista es va reiterar amb el fet que &#8220;el govern no est\u00e0 comprom\u00e8s amb la transici\u00f3 ecol\u00f2gica de les Illes Balears i amb la problem\u00e0tica del canvi clim\u00e0tic, un govern que deixa perdre inversions fonamentals per frenar aquest retroc\u00e9s i que, malgrat viure de la bona her\u00e8ncia rebuda per part del govern socialista, no \u00e9s capa\u00e7 de fer cap nova aportaci\u00f3 ni cap nova mesura al respecte&#8221;.[\/vc_column_text][\/vc_column][\/vc_row]\n<\/div>","protected":false},"excerpt":{"rendered":"<p>[vc_row el_class=&#8221;img_noticia&#8221;][vc_column][vc_single_image img_size=&#8221;full&#8221;][\/vc_column][\/vc_row][vc_row el_class=&#8221;intro&#8221;][vc_column][vc_column_text]La socialista va criticar que el Govern de Prohens fa passes enrere en mat\u00e8ria de transici\u00f3 ecol\u00f2gica i va denunciar el retroc\u00e9s en implementaci\u00f3 d&#8217;energies renovables[\/vc_column_text][\/vc_column][\/vc_row][vc_row][vc_column width=&#8221;1\/2&#8243;][vc_column_text]En el plenari del Parlament de les Illes Balears que es va celebrar ahir, dimarts, la diputada Pilar Carbonero va criticar les passes cap enrere que&hellip;<\/p>\n","protected":false},"author":6,"featured_media":0,"comment_status":"open","ping_status":"open","sticky":false,"template":"","format":"standard","meta":{"footnotes":""},"categories":[2,1,92],"tags":[],"class_list":["post-26504","post","type-post","status-publish","format-standard","hentry","category-federacio-de-menorca","category-federacio-de-menorca-portada","category-portada"],"_links":{"self":[{"href":"https:\/\/www.psib-psoe.org\/menorca\/wp-json\/wp\/v2\/posts\/26504"}],"collection":[{"href":"https:\/\/www.psib-psoe.org\/menorca\/wp-json\/wp\/v2\/posts"}],"about":[{"href":"https:\/\/www.psib-psoe.org\/menorca\/wp-json\/wp\/v2\/types\/post"}],"author":[{"embeddable":true,"href":"https:\/\/www.psib-psoe.org\/menorca\/wp-json\/wp\/v2\/users\/6"}],"replies":[{"embeddable":true,"href":"https:\/\/www.psib-psoe.org\/menorca\/wp-json\/wp\/v2\/comments?post=26504"}],"version-history":[{"count":0,"href":"https:\/\/www.psib-psoe.org\/menorca\/wp-json\/wp\/v2\/posts\/26504\/revisions"}],"wp:attachment":[{"href":"https:\/\/www.psib-psoe.org\/menorca\/wp-json\/wp\/v2\/media?parent=26504"}],"wp:term":[{"taxonomy":"category","embeddable":true,"href":"https:\/\/www.psib-psoe.org\/menorca\/wp-json\/wp\/v2\/categories?post=26504"},{"taxonomy":"post_tag","embeddable":true,"href":"https:\/\/www.psib-psoe.org\/menorca\/wp-json\/wp\/v2\/tags?post=26504"}],"curies":[{"name":"wp","href":"https:\/\/api.w.org\/{rel}","templated":true}]}}